{"id":26905,"date":"2025-11-15T12:04:02","date_gmt":"2025-11-15T12:04:02","guid":{"rendered":"https:\/\/gilamargos.com\/?p=26905"},"modified":"2025-12-15T14:34:09","modified_gmt":"2025-12-15T14:34:09","slug":"gestion-de-comunidades-con-parking-o-aparcamiento-comunitario","status":"publish","type":"post","link":"https:\/\/gilamargos.com\/es\/lnd-es\/gestion-de-comunidades-con-parking-o-aparcamiento-comunitario","title":{"rendered":"Gesti\u00f3n de comunidades con parking o aparcamiento comunitario"},"content":{"rendered":"<h3><strong>Soluciones profesionales para tu comunidad con garaje<\/strong><\/h3>\n<h3><strong>Bienvenido a la gesti\u00f3n integral de tu comunidad<\/strong><\/h3>\n<p><strong>En Gil Amarg\u00f3s contamos con m\u00e1s de 50 a\u00f1os de experiencia en la administraci\u00f3n de comunidades de propietarios en Barcelona: un trato cercano, transparente y experto. Ahora damos un paso m\u00e1s, incluyendo en nuestros servicios la<\/strong> <strong>gesti\u00f3n especializada de comunidades que disponen de parking o aparcamiento comunitario<\/strong><\/p>\n<h3><strong>\u00bfPor qu\u00e9 es importante una gesti\u00f3n especializada del parking?<\/strong><\/h3>\n<p>Tener un aparcamiento comunitario dentro de la finca a\u00f1ade complejidad:<\/p>\n<ul>\n<li>Normativas espec\u00edficas (accidentes, seguros, accesos, emergencias)<\/li>\n<li>Gesti\u00f3n de plazas, trasteros, alquiler interno o externo<\/li>\n<li>Controles de mantenimiento, iluminaci\u00f3n, ventilaci\u00f3n, accesos y seguridad<\/li>\n<li>Integraci\u00f3n con la comunidad habitual: gastos, cuotas, morosidad, uso compartido<\/li>\n<\/ul>\n<p>Con Gil Amarg\u00f3s, tu comunidad no solo tendr\u00e1 una administraci\u00f3n de finca rigurosa sino un m\u00f3dulo dedicado al aparcamiento, para que todo fluya sin sorpresas.<\/p>\n<figure id=\"attachment_26908\" aria-describedby=\"caption-attachment-26908\" style=\"width: 1280px\" class=\"wp-caption alignnone\"><img loading=\"lazy\" decoding=\"async\" class=\"size-full wp-image-26908\" src=\"https:\/\/gilamargos.com\/wp-content\/uploads\/2025\/12\/Gestion-de-comunidades-con-parking-o-aparcamiento-comunitario.jpg\" alt=\"Gesti\u00f3n de comunidades con parking o aparcamiento comunitario\" width=\"1280\" height=\"850\" \/><figcaption id=\"caption-attachment-26908\" class=\"wp-caption-text\">Gesti\u00f3n de comunidades con parking o aparcamiento comunitario<\/figcaption><\/figure>\n<h3><strong>Nuestro enfoque para comunidades con aparcamiento<\/strong><\/h3>\n<ol>\n<li><strong>Evaluaci\u00f3n inicial y diagn\u00f3stico<\/strong><br \/>\nRevisamos la situaci\u00f3n actual del garaje: estado f\u00edsico, normativas aplicables, uso de plazas, contratos, cuotas.<\/li>\n<li><strong>Dise\u00f1o del plan de gesti\u00f3n del aparcamiento<\/strong>\n<ul>\n<li>Cuotas espec\u00edficas, distribuci\u00f3n equitativa.<\/li>\n<li>Contratos de uso\/cesi\u00f3n de plazas.<\/li>\n<li>Mantenimiento preventivo y correctivo (ventilaci\u00f3n, iluminaci\u00f3n, se\u00f1alizaci\u00f3n, carga veh\u00edculos el\u00e9ctricos).<\/li>\n<li>Seguro, responsabilidad civil, protocolo de emergencias.<\/li>\n<\/ul>\n<\/li>\n<li><strong>Integraci\u00f3n comunitaria<\/strong><br \/>\nEl parking no es un silo: lo conectamos con la comunidad de vecinos en cuanto a presupuesto, comunicaci\u00f3n, transparencia. Dispondr\u00e1s de acceso online a toda la documentaci\u00f3n.<\/li>\n<li><strong>Atenci\u00f3n 24 h, soporte de incidencias<\/strong><\/li>\n<li>Porque en un garaje pueden surgir aver\u00edas, accesos bloqueados, siniestros\u2026 estamos disponibles para actuar r\u00e1pido.<\/li>\n<li><strong>Optimizaci\u00f3n y ahorro<\/strong><br \/>\nRevisamos proveedores, contratos de mantenimiento, iluminaciones LED, ventilaci\u00f3n eficiente\u2026 para reducir gastos y evitar que el parking se convierta en un problema econ\u00f3mico.<\/li>\n<\/ol>\n<h3><\/h3>\n<h3><strong>Beneficios para tu comunidad<\/strong><\/h3>\n<ul>\n<li>Gesti\u00f3n profesional que garantiza tranquilidad para presidentes y vecinos.<\/li>\n<li>Transparencia: cuentas claras, acceso digital, informes peri\u00f3dicos.<\/li>\n<li>Mejora del valor del inmueble: un parking bien gestionado aporta plusval\u00eda.<\/li>\n<li>Reducci\u00f3n de incidencias y conflictos internos relacionados con plazas, cuotas o mantenimiento.<\/li>\n<li>Seguridad y cumplimiento normativo garantizados.<\/li>\n<\/ul>\n<h3><\/h3>\n<h3><strong>\u00bfPara qu\u00e9 tipo de comunidades?<\/strong><\/h3>\n<ul>\n<li>Edificios de viviendas con garaje comunitario.<\/li>\n<li>Fincas plurifamiliares con plazas, trasteros y aparcamiento en s\u00f3tano.<\/li>\n<li>Comunidades con uso mixto: viviendas + locales + parking.<\/li>\n<li>Promotoras o comunidades que requieren puesta en marcha del aparcamiento desde cero.<\/li>\n<\/ul>\n<h3><strong>\u00a0<\/strong><\/h3>\n<h3><strong>\u00bfPor qu\u00e9 elegir Gil Amarg\u00f3s?<\/strong><\/h3>\n<ul>\n<li>M\u00e1s de 50 a\u00f1os de experiencia en administraci\u00f3n de fincas en Barcelona.<\/li>\n<li>M\u00e1s de 250 comunidades gestionadas.<\/li>\n<li>Enfoque familiar, cercano y profesional: tratamos las comunidades como una parte m\u00e1s de nuestra familia.<\/li>\n<li>Herramientas digitales de acceso, documentaci\u00f3n, transparencia.<\/li>\n<li>Capacidad para servicios especializados como el parking, gracias a nuestro conocimiento inmobiliario integral (venta, alquiler, patrimonial) y gesti\u00f3n de garajes.<\/li>\n<\/ul>\n<h3><\/h3>\n<h3><strong>\u00bfQu\u00e9 hacer ahora?<\/strong><\/h3>\n<p><strong>Solicita una auditor\u00eda gratuita de tu aparcamiento comunitario<\/strong><strong> y habla con un asesor de comunidades Gil Amarg\u00f3s.<br \/>\n<\/strong><em><strong>Transforma tu aparcamiento en un activo bien gestionado y sin sobresaltos. Con Gil Amarg\u00f3s, tu comunidad est\u00e1 en buenas manos.<\/strong><\/em><\/p>\n<p><strong>Contacta con nosotros:<\/strong><\/p>\n\n<div class=\"wpcf7 no-js\" id=\"wpcf7-f23784-o1\" lang=\"ca\" dir=\"ltr\" data-wpcf7-id=\"23784\">\n<div class=\"screen-reader-response\"><p role=\"status\" aria-live=\"polite\" aria-atomic=\"true\"><\/p> <ul><\/ul><\/div>\n<form action=\"\/es\/wp-json\/wp\/v2\/posts\/26905#wpcf7-f23784-o1\" method=\"post\" class=\"wpcf7-form init\" aria-label=\"Formulari de contacte\" novalidate=\"novalidate\" data-status=\"init\">\n<fieldset class=\"hidden-fields-container\"><input type=\"hidden\" name=\"_wpcf7\" value=\"23784\" \/><input type=\"hidden\" name=\"_wpcf7_version\" value=\"6.1.5\" \/><input type=\"hidden\" name=\"_wpcf7_locale\" value=\"ca\" \/><input type=\"hidden\" name=\"_wpcf7_unit_tag\" value=\"wpcf7-f23784-o1\" \/><input type=\"hidden\" name=\"_wpcf7_container_post\" value=\"0\" \/><input type=\"hidden\" name=\"_wpcf7_posted_data_hash\" value=\"\" \/><input type=\"hidden\" name=\"_wpcf7_recaptcha_response\" value=\"\" \/>\n<\/fieldset>\n<p><label> Nombre<br \/>\n<span class=\"wpcf7-form-control-wrap\" data-name=\"your-name\"><input size=\"40\" maxlength=\"400\" class=\"wpcf7-form-control wpcf7-text wpcf7-validates-as-required\" autocomplete=\"name\" aria-required=\"true\" aria-invalid=\"false\" value=\"\" type=\"text\" name=\"your-name\" \/><\/span> <\/label>\n<\/p>\n<p><label> Email<br \/>\n<span class=\"wpcf7-form-control-wrap\" data-name=\"your-email\"><input size=\"40\" maxlength=\"400\" class=\"wpcf7-form-control wpcf7-email wpcf7-validates-as-required wpcf7-text wpcf7-validates-as-email\" autocomplete=\"email\" aria-required=\"true\" aria-invalid=\"false\" value=\"\" type=\"email\" name=\"your-email\" \/><\/span> <\/label>\n<\/p>\n<p><label> Asunto<br \/>\n<span class=\"wpcf7-form-control-wrap\" data-name=\"your-subject\"><input size=\"40\" maxlength=\"400\" class=\"wpcf7-form-control wpcf7-text wpcf7-validates-as-required\" aria-required=\"true\" aria-invalid=\"false\" value=\"\" type=\"text\" name=\"your-subject\" \/><\/span> <\/label>\n<\/p>\n<p><label> Mensaje<br \/>\n<span class=\"wpcf7-form-control-wrap\" data-name=\"your-message\"><textarea cols=\"40\" rows=\"10\" maxlength=\"2000\" class=\"wpcf7-form-control wpcf7-textarea\" aria-invalid=\"false\" name=\"your-message\"><\/textarea><\/span> <\/label>\n<\/p>\n<p><input class=\"wpcf7-form-control wpcf7-submit has-spinner\" type=\"submit\" value=\"Enviar\" \/><br \/>\n--\n<\/p><p style=\"display: none !important;\" class=\"akismet-fields-container\" data-prefix=\"_wpcf7_ak_\"><label>&#916;<textarea name=\"_wpcf7_ak_hp_textarea\" cols=\"45\" rows=\"8\" maxlength=\"100\"><\/textarea><\/label><input type=\"hidden\" id=\"ak_js_1\" name=\"_wpcf7_ak_js\" value=\"168\"\/><script>document.getElementById( \"ak_js_1\" ).setAttribute( \"value\", ( new Date() ).getTime() );<\/script><\/p><div class=\"wpcf7-response-output\" aria-hidden=\"true\"><\/div>\n<\/form>\n<\/div>\n\n<p><strong>Para gestionar tu comunidad con el cuidado de una familia y la fuerza de la experiencia, Gil Amarg\u00f3s es tu inmobiliaria.<\/strong><\/p>\n<p><strong>SERVICIO ININTERRUMPIDO: De 9 a 18 h (de lunes a viernes), y de 9 a 15 h (los s\u00e1bados)<\/strong><\/p>\n<p><strong>M\u00e1s de 50 a\u00f1os ofreciendo servicios inmobiliarios cercanos, integrales y ajustados a cada necesidad.<\/strong><\/p>\n<p>&nbsp;<\/p>\n<p>Gil Amarg\u00f3s<br \/>\nComte d\u2019Urgell, 46<br \/>\n08011 Barcelona<br \/>\n09:00-18:00 (L-V)<br \/>\n09:00-15:00 (S)<br \/>\nTel: 93 452 50 81<br \/>\nEmail: santantoni@gilamargos.com<\/p>\n<p>&nbsp;<\/p>\n<p>Travessera de les Corts, 304-306<br \/>\n08029 Barcelona<br \/>\n09:00-18:00 (L-V)<br \/>\n09:00-15:00 (S)<br \/>\nTel: 93 490 87 59<br \/>\nEmail: lescorts@gilamargos.com<\/p>\n<p>&nbsp;<\/p>\n","protected":false},"excerpt":{"rendered":"<p>Soluciones profesionales para tu comunidad con garaje Bienvenido a la gesti\u00f3n integral de tu comunidad En Gil Amarg\u00f3s contamos con m\u00e1s de 50 a\u00f1os de experiencia en la administraci\u00f3n de comunidades de propietarios en Barcelona: un trato cercano, transparente y experto. Ahora damos un paso m\u00e1s, incluyendo en nuestros servicios la gesti\u00f3n especializada de comunidades [&hellip;]<\/p>\n","protected":false},"author":1,"featured_media":26908,"comment_status":"closed","ping_status":"open","sticky":false,"template":"","format":"standard","meta":{"footnotes":""},"categories":[167],"tags":[],"class_list":["post-26905","post","type-post","status-publish","format-standard","has-post-thumbnail","hentry","category-lnd-es"],"yoast_head":"<!-- This site is optimized with the Yoast SEO plugin v27.3 - https:\/\/yoast.com\/product\/yoast-seo-wordpress\/ -->\n<title>Gesti\u00f3n de comunidades con parking o aparcamiento comunitario<\/title>\n<meta name=\"robots\" content=\"index, follow, max-snippet:-1, max-image-preview:large, max-video-preview:-1\" \/>\n<link rel=\"canonical\" href=\"https:\/\/gilamargos.com\/es\/lnd-es\/gestion-de-comunidades-con-parking-o-aparcamiento-comunitario\" \/>\n<meta property=\"og:locale\" content=\"es_ES\" \/>\n<meta property=\"og:type\" content=\"article\" \/>\n<meta property=\"og:title\" content=\"Gesti\u00f3n de comunidades con parking o aparcamiento comunitario\" \/>\n<meta property=\"og:description\" content=\"Soluciones profesionales para tu comunidad con garaje Bienvenido a la gesti\u00f3n integral de tu comunidad En Gil Amarg\u00f3s contamos con m\u00e1s de 50 a\u00f1os de experiencia en la administraci\u00f3n de comunidades de propietarios en Barcelona: un trato cercano, transparente y experto. Ahora damos un paso m\u00e1s, incluyendo en nuestros servicios la gesti\u00f3n especializada de comunidades [&hellip;]\" \/>\n<meta property=\"og:url\" content=\"https:\/\/gilamargos.com\/es\/lnd-es\/gestion-de-comunidades-con-parking-o-aparcamiento-comunitario\" \/>\n<meta property=\"og:site_name\" content=\"Gil Amarg\u00f3s\" \/>\n<meta property=\"article:publisher\" content=\"https:\/\/www.facebook.com\/gilamargos\" \/>\n<meta property=\"article:published_time\" content=\"2025-11-15T12:04:02+00:00\" \/>\n<meta property=\"article:modified_time\" content=\"2025-12-15T14:34:09+00:00\" \/>\n<meta property=\"og:image\" content=\"https:\/\/gilamargos.com\/wp-content\/uploads\/2025\/12\/Gestion-de-comunidades-con-parking-o-aparcamiento-comunitario.jpg\" \/>\n\t<meta property=\"og:image:width\" content=\"1280\" \/>\n\t<meta property=\"og:image:height\" content=\"850\" \/>\n\t<meta property=\"og:image:type\" content=\"image\/jpeg\" \/>\n<meta name=\"author\" content=\"gilamargos-master\" \/>\n<meta name=\"twitter:card\" content=\"summary_large_image\" \/>\n<meta name=\"twitter:label1\" content=\"Escrito por\" \/>\n\t<meta name=\"twitter:data1\" content=\"gilamargos-master\" \/>\n\t<meta name=\"twitter:label2\" content=\"Tiempo de lectura\" \/>\n\t<meta name=\"twitter:data2\" content=\"4 minutos\" \/>\n<script type=\"application\/ld+json\" class=\"yoast-schema-graph\">{\"@context\":\"https:\\\/\\\/schema.org\",\"@graph\":[{\"@type\":\"Article\",\"@id\":\"https:\\\/\\\/gilamargos.com\\\/es\\\/lnd-es\\\/gestion-de-comunidades-con-parking-o-aparcamiento-comunitario#article\",\"isPartOf\":{\"@id\":\"https:\\\/\\\/gilamargos.com\\\/es\\\/lnd-es\\\/gestion-de-comunidades-con-parking-o-aparcamiento-comunitario\"},\"author\":{\"name\":\"gilamargos-master\",\"@id\":\"https:\\\/\\\/gilamargos.com\\\/es#\\\/schema\\\/person\\\/3a4facbbf3c9fd19def3d0c0f5456192\"},\"headline\":\"Gesti\u00f3n de comunidades con parking o aparcamiento comunitario\",\"datePublished\":\"2025-11-15T12:04:02+00:00\",\"dateModified\":\"2025-12-15T14:34:09+00:00\",\"mainEntityOfPage\":{\"@id\":\"https:\\\/\\\/gilamargos.com\\\/es\\\/lnd-es\\\/gestion-de-comunidades-con-parking-o-aparcamiento-comunitario\"},\"wordCount\":640,\"publisher\":{\"@id\":\"https:\\\/\\\/gilamargos.com\\\/es#organization\"},\"image\":{\"@id\":\"https:\\\/\\\/gilamargos.com\\\/es\\\/lnd-es\\\/gestion-de-comunidades-con-parking-o-aparcamiento-comunitario#primaryimage\"},\"thumbnailUrl\":\"https:\\\/\\\/gilamargos.com\\\/wp-content\\\/uploads\\\/2025\\\/12\\\/Gestion-de-comunidades-con-parking-o-aparcamiento-comunitario.jpg\",\"articleSection\":[\"Landing\"],\"inLanguage\":\"es\"},{\"@type\":\"WebPage\",\"@id\":\"https:\\\/\\\/gilamargos.com\\\/es\\\/lnd-es\\\/gestion-de-comunidades-con-parking-o-aparcamiento-comunitario\",\"url\":\"https:\\\/\\\/gilamargos.com\\\/es\\\/lnd-es\\\/gestion-de-comunidades-con-parking-o-aparcamiento-comunitario\",\"name\":\"Gesti\u00f3n de comunidades con parking o aparcamiento comunitario\",\"isPartOf\":{\"@id\":\"https:\\\/\\\/gilamargos.com\\\/es#website\"},\"primaryImageOfPage\":{\"@id\":\"https:\\\/\\\/gilamargos.com\\\/es\\\/lnd-es\\\/gestion-de-comunidades-con-parking-o-aparcamiento-comunitario#primaryimage\"},\"image\":{\"@id\":\"https:\\\/\\\/gilamargos.com\\\/es\\\/lnd-es\\\/gestion-de-comunidades-con-parking-o-aparcamiento-comunitario#primaryimage\"},\"thumbnailUrl\":\"https:\\\/\\\/gilamargos.com\\\/wp-content\\\/uploads\\\/2025\\\/12\\\/Gestion-de-comunidades-con-parking-o-aparcamiento-comunitario.jpg\",\"datePublished\":\"2025-11-15T12:04:02+00:00\",\"dateModified\":\"2025-12-15T14:34:09+00:00\",\"breadcrumb\":{\"@id\":\"https:\\\/\\\/gilamargos.com\\\/es\\\/lnd-es\\\/gestion-de-comunidades-con-parking-o-aparcamiento-comunitario#breadcrumb\"},\"inLanguage\":\"es\",\"potentialAction\":[{\"@type\":\"ReadAction\",\"target\":[\"https:\\\/\\\/gilamargos.com\\\/es\\\/lnd-es\\\/gestion-de-comunidades-con-parking-o-aparcamiento-comunitario\"]}]},{\"@type\":\"ImageObject\",\"inLanguage\":\"es\",\"@id\":\"https:\\\/\\\/gilamargos.com\\\/es\\\/lnd-es\\\/gestion-de-comunidades-con-parking-o-aparcamiento-comunitario#primaryimage\",\"url\":\"https:\\\/\\\/gilamargos.com\\\/wp-content\\\/uploads\\\/2025\\\/12\\\/Gestion-de-comunidades-con-parking-o-aparcamiento-comunitario.jpg\",\"contentUrl\":\"https:\\\/\\\/gilamargos.com\\\/wp-content\\\/uploads\\\/2025\\\/12\\\/Gestion-de-comunidades-con-parking-o-aparcamiento-comunitario.jpg\",\"width\":1280,\"height\":850,\"caption\":\"Gesti\u00f3n de comunidades con parking o aparcamiento comunitario\"},{\"@type\":\"BreadcrumbList\",\"@id\":\"https:\\\/\\\/gilamargos.com\\\/es\\\/lnd-es\\\/gestion-de-comunidades-con-parking-o-aparcamiento-comunitario#breadcrumb\",\"itemListElement\":[{\"@type\":\"ListItem\",\"position\":1,\"name\":\"Home\",\"item\":\"https:\\\/\\\/gilamargos.com\\\/es\"},{\"@type\":\"ListItem\",\"position\":2,\"name\":\"Gesti\u00f3n de comunidades con parking o aparcamiento comunitario\"}]},{\"@type\":\"WebSite\",\"@id\":\"https:\\\/\\\/gilamargos.com\\\/es#website\",\"url\":\"https:\\\/\\\/gilamargos.com\\\/es\",\"name\":\"Administradors Finques y Gestors Patrimoni Gil Amarg\u00f3s\",\"description\":\"\",\"publisher\":{\"@id\":\"https:\\\/\\\/gilamargos.com\\\/es#organization\"},\"potentialAction\":[{\"@type\":\"SearchAction\",\"target\":{\"@type\":\"EntryPoint\",\"urlTemplate\":\"https:\\\/\\\/gilamargos.com\\\/es?s={search_term_string}\"},\"query-input\":{\"@type\":\"PropertyValueSpecification\",\"valueRequired\":true,\"valueName\":\"search_term_string\"}}],\"inLanguage\":\"es\"},{\"@type\":\"Organization\",\"@id\":\"https:\\\/\\\/gilamargos.com\\\/es#organization\",\"name\":\"Gil Amarg\u00f3s\",\"url\":\"https:\\\/\\\/gilamargos.com\\\/es\",\"logo\":{\"@type\":\"ImageObject\",\"inLanguage\":\"es\",\"@id\":\"https:\\\/\\\/gilamargos.com\\\/es#\\\/schema\\\/logo\\\/image\\\/\",\"url\":\"https:\\\/\\\/gilamargos.com\\\/wp-content\\\/uploads\\\/2025\\\/07\\\/GIL_AMARGOS_color_ok_size.png\",\"contentUrl\":\"https:\\\/\\\/gilamargos.com\\\/wp-content\\\/uploads\\\/2025\\\/07\\\/GIL_AMARGOS_color_ok_size.png\",\"width\":240,\"height\":60,\"caption\":\"Gil Amarg\u00f3s\"},\"image\":{\"@id\":\"https:\\\/\\\/gilamargos.com\\\/es#\\\/schema\\\/logo\\\/image\\\/\"},\"sameAs\":[\"https:\\\/\\\/www.facebook.com\\\/gilamargos\",\"https:\\\/\\\/www.linkedin.com\\\/company\\\/gil-amargs\\\/?originalSubdomain=es\",\"https:\\\/\\\/www.instagram.com\\\/gilamargos\\\/\"]},{\"@type\":\"Person\",\"@id\":\"https:\\\/\\\/gilamargos.com\\\/es#\\\/schema\\\/person\\\/3a4facbbf3c9fd19def3d0c0f5456192\",\"name\":\"gilamargos-master\",\"image\":{\"@type\":\"ImageObject\",\"inLanguage\":\"es\",\"@id\":\"https:\\\/\\\/secure.gravatar.com\\\/avatar\\\/4824348b2215d6e40d2cb7a9d9877e09761e83be8386974f11ceb7cfa70753d9?s=96&d=mm&r=g\",\"url\":\"https:\\\/\\\/secure.gravatar.com\\\/avatar\\\/4824348b2215d6e40d2cb7a9d9877e09761e83be8386974f11ceb7cfa70753d9?s=96&d=mm&r=g\",\"contentUrl\":\"https:\\\/\\\/secure.gravatar.com\\\/avatar\\\/4824348b2215d6e40d2cb7a9d9877e09761e83be8386974f11ceb7cfa70753d9?s=96&d=mm&r=g\",\"caption\":\"gilamargos-master\"},\"sameAs\":[\"http:\\\/\\\/gilamargos.com\"]}]}<\/script>\n<!-- \/ Yoast SEO plugin. -->","yoast_head_json":{"title":"Gesti\u00f3n de comunidades con parking o aparcamiento comunitario","robots":{"index":"index","follow":"follow","max-snippet":"max-snippet:-1","max-image-preview":"max-image-preview:large","max-video-preview":"max-video-preview:-1"},"canonical":"https:\/\/gilamargos.com\/es\/lnd-es\/gestion-de-comunidades-con-parking-o-aparcamiento-comunitario","og_locale":"es_ES","og_type":"article","og_title":"Gesti\u00f3n de comunidades con parking o aparcamiento comunitario","og_description":"Soluciones profesionales para tu comunidad con garaje Bienvenido a la gesti\u00f3n integral de tu comunidad En Gil Amarg\u00f3s contamos con m\u00e1s de 50 a\u00f1os de experiencia en la administraci\u00f3n de comunidades de propietarios en Barcelona: un trato cercano, transparente y experto. Ahora damos un paso m\u00e1s, incluyendo en nuestros servicios la gesti\u00f3n especializada de comunidades [&hellip;]","og_url":"https:\/\/gilamargos.com\/es\/lnd-es\/gestion-de-comunidades-con-parking-o-aparcamiento-comunitario","og_site_name":"Gil Amarg\u00f3s","article_publisher":"https:\/\/www.facebook.com\/gilamargos","article_published_time":"2025-11-15T12:04:02+00:00","article_modified_time":"2025-12-15T14:34:09+00:00","og_image":[{"width":1280,"height":850,"url":"https:\/\/gilamargos.com\/wp-content\/uploads\/2025\/12\/Gestion-de-comunidades-con-parking-o-aparcamiento-comunitario.jpg","type":"image\/jpeg"}],"author":"gilamargos-master","twitter_card":"summary_large_image","twitter_misc":{"Escrito por":"gilamargos-master","Tiempo de lectura":"4 minutos"},"schema":{"@context":"https:\/\/schema.org","@graph":[{"@type":"Article","@id":"https:\/\/gilamargos.com\/es\/lnd-es\/gestion-de-comunidades-con-parking-o-aparcamiento-comunitario#article","isPartOf":{"@id":"https:\/\/gilamargos.com\/es\/lnd-es\/gestion-de-comunidades-con-parking-o-aparcamiento-comunitario"},"author":{"name":"gilamargos-master","@id":"https:\/\/gilamargos.com\/es#\/schema\/person\/3a4facbbf3c9fd19def3d0c0f5456192"},"headline":"Gesti\u00f3n de comunidades con parking o aparcamiento comunitario","datePublished":"2025-11-15T12:04:02+00:00","dateModified":"2025-12-15T14:34:09+00:00","mainEntityOfPage":{"@id":"https:\/\/gilamargos.com\/es\/lnd-es\/gestion-de-comunidades-con-parking-o-aparcamiento-comunitario"},"wordCount":640,"publisher":{"@id":"https:\/\/gilamargos.com\/es#organization"},"image":{"@id":"https:\/\/gilamargos.com\/es\/lnd-es\/gestion-de-comunidades-con-parking-o-aparcamiento-comunitario#primaryimage"},"thumbnailUrl":"https:\/\/gilamargos.com\/wp-content\/uploads\/2025\/12\/Gestion-de-comunidades-con-parking-o-aparcamiento-comunitario.jpg","articleSection":["Landing"],"inLanguage":"es"},{"@type":"WebPage","@id":"https:\/\/gilamargos.com\/es\/lnd-es\/gestion-de-comunidades-con-parking-o-aparcamiento-comunitario","url":"https:\/\/gilamargos.com\/es\/lnd-es\/gestion-de-comunidades-con-parking-o-aparcamiento-comunitario","name":"Gesti\u00f3n de comunidades con parking o aparcamiento comunitario","isPartOf":{"@id":"https:\/\/gilamargos.com\/es#website"},"primaryImageOfPage":{"@id":"https:\/\/gilamargos.com\/es\/lnd-es\/gestion-de-comunidades-con-parking-o-aparcamiento-comunitario#primaryimage"},"image":{"@id":"https:\/\/gilamargos.com\/es\/lnd-es\/gestion-de-comunidades-con-parking-o-aparcamiento-comunitario#primaryimage"},"thumbnailUrl":"https:\/\/gilamargos.com\/wp-content\/uploads\/2025\/12\/Gestion-de-comunidades-con-parking-o-aparcamiento-comunitario.jpg","datePublished":"2025-11-15T12:04:02+00:00","dateModified":"2025-12-15T14:34:09+00:00","breadcrumb":{"@id":"https:\/\/gilamargos.com\/es\/lnd-es\/gestion-de-comunidades-con-parking-o-aparcamiento-comunitario#breadcrumb"},"inLanguage":"es","potentialAction":[{"@type":"ReadAction","target":["https:\/\/gilamargos.com\/es\/lnd-es\/gestion-de-comunidades-con-parking-o-aparcamiento-comunitario"]}]},{"@type":"ImageObject","inLanguage":"es","@id":"https:\/\/gilamargos.com\/es\/lnd-es\/gestion-de-comunidades-con-parking-o-aparcamiento-comunitario#primaryimage","url":"https:\/\/gilamargos.com\/wp-content\/uploads\/2025\/12\/Gestion-de-comunidades-con-parking-o-aparcamiento-comunitario.jpg","contentUrl":"https:\/\/gilamargos.com\/wp-content\/uploads\/2025\/12\/Gestion-de-comunidades-con-parking-o-aparcamiento-comunitario.jpg","width":1280,"height":850,"caption":"Gesti\u00f3n de comunidades con parking o aparcamiento comunitario"},{"@type":"BreadcrumbList","@id":"https:\/\/gilamargos.com\/es\/lnd-es\/gestion-de-comunidades-con-parking-o-aparcamiento-comunitario#breadcrumb","itemListElement":[{"@type":"ListItem","position":1,"name":"Home","item":"https:\/\/gilamargos.com\/es"},{"@type":"ListItem","position":2,"name":"Gesti\u00f3n de comunidades con parking o aparcamiento comunitario"}]},{"@type":"WebSite","@id":"https:\/\/gilamargos.com\/es#website","url":"https:\/\/gilamargos.com\/es","name":"Administradors Finques y Gestors Patrimoni Gil Amarg\u00f3s","description":"","publisher":{"@id":"https:\/\/gilamargos.com\/es#organization"},"potentialAction":[{"@type":"SearchAction","target":{"@type":"EntryPoint","urlTemplate":"https:\/\/gilamargos.com\/es?s={search_term_string}"},"query-input":{"@type":"PropertyValueSpecification","valueRequired":true,"valueName":"search_term_string"}}],"inLanguage":"es"},{"@type":"Organization","@id":"https:\/\/gilamargos.com\/es#organization","name":"Gil Amarg\u00f3s","url":"https:\/\/gilamargos.com\/es","logo":{"@type":"ImageObject","inLanguage":"es","@id":"https:\/\/gilamargos.com\/es#\/schema\/logo\/image\/","url":"https:\/\/gilamargos.com\/wp-content\/uploads\/2025\/07\/GIL_AMARGOS_color_ok_size.png","contentUrl":"https:\/\/gilamargos.com\/wp-content\/uploads\/2025\/07\/GIL_AMARGOS_color_ok_size.png","width":240,"height":60,"caption":"Gil Amarg\u00f3s"},"image":{"@id":"https:\/\/gilamargos.com\/es#\/schema\/logo\/image\/"},"sameAs":["https:\/\/www.facebook.com\/gilamargos","https:\/\/www.linkedin.com\/company\/gil-amargs\/?originalSubdomain=es","https:\/\/www.instagram.com\/gilamargos\/"]},{"@type":"Person","@id":"https:\/\/gilamargos.com\/es#\/schema\/person\/3a4facbbf3c9fd19def3d0c0f5456192","name":"gilamargos-master","image":{"@type":"ImageObject","inLanguage":"es","@id":"https:\/\/secure.gravatar.com\/avatar\/4824348b2215d6e40d2cb7a9d9877e09761e83be8386974f11ceb7cfa70753d9?s=96&d=mm&r=g","url":"https:\/\/secure.gravatar.com\/avatar\/4824348b2215d6e40d2cb7a9d9877e09761e83be8386974f11ceb7cfa70753d9?s=96&d=mm&r=g","contentUrl":"https:\/\/secure.gravatar.com\/avatar\/4824348b2215d6e40d2cb7a9d9877e09761e83be8386974f11ceb7cfa70753d9?s=96&d=mm&r=g","caption":"gilamargos-master"},"sameAs":["http:\/\/gilamargos.com"]}]}},"_links":{"self":[{"href":"https:\/\/gilamargos.com\/es\/wp-json\/wp\/v2\/posts\/26905","targetHints":{"allow":["GET"]}}],"collection":[{"href":"https:\/\/gilamargos.com\/es\/wp-json\/wp\/v2\/posts"}],"about":[{"href":"https:\/\/gilamargos.com\/es\/wp-json\/wp\/v2\/types\/post"}],"author":[{"embeddable":true,"href":"https:\/\/gilamargos.com\/es\/wp-json\/wp\/v2\/users\/1"}],"replies":[{"embeddable":true,"href":"https:\/\/gilamargos.com\/es\/wp-json\/wp\/v2\/comments?post=26905"}],"version-history":[{"count":3,"href":"https:\/\/gilamargos.com\/es\/wp-json\/wp\/v2\/posts\/26905\/revisions"}],"predecessor-version":[{"id":26911,"href":"https:\/\/gilamargos.com\/es\/wp-json\/wp\/v2\/posts\/26905\/revisions\/26911"}],"wp:featuredmedia":[{"embeddable":true,"href":"https:\/\/gilamargos.com\/es\/wp-json\/wp\/v2\/media\/26908"}],"wp:attachment":[{"href":"https:\/\/gilamargos.com\/es\/wp-json\/wp\/v2\/media?parent=26905"}],"wp:term":[{"taxonomy":"category","embeddable":true,"href":"https:\/\/gilamargos.com\/es\/wp-json\/wp\/v2\/categories?post=26905"},{"taxonomy":"post_tag","embeddable":true,"href":"https:\/\/gilamargos.com\/es\/wp-json\/wp\/v2\/tags?post=26905"}],"curies":[{"name":"wp","href":"https:\/\/api.w.org\/{rel}","templated":true}]}}