{"id":23718,"date":"2024-08-21T14:33:13","date_gmt":"2024-08-21T14:33:13","guid":{"rendered":"https:\/\/gilamargos.com\/?p=23718"},"modified":"2025-05-20T10:56:44","modified_gmt":"2025-05-20T10:56:44","slug":"inmobiliaria-les-corts","status":"publish","type":"post","link":"https:\/\/gilamargos.com\/es\/lnd-es\/inmobiliaria-les-corts","title":{"rendered":"Inmobiliaria Les Corts"},"content":{"rendered":"<p><strong>Gil Amarg\u00f3s, la inmobiliaria de referencia del barrio de Les Corts de Barcelona<br \/>\n<\/strong><strong>Si quieres una agencia que conoce todos los rincones, nosotros somos lo que necesitas<\/strong><strong>\u00a0<\/strong><\/p>\n<p><strong>En la oficina de Gil Amarg\u00f3s de la Travessera de Les Corts, 304-306 encontrar\u00e1s todo lo que necesitas saber del barrio de Les Corts de Barcelona, \u200b\u200by m\u00e1s. es Si lo que necesitas y buscas es una inmobiliaria de confianza en el barrio de Les Corts, no dudes que nosotros somos lo que necesitas. Te ofrecemos atenci\u00f3n personalizada, proximidad, experiencia y m\u00e1xima profesionalidad. En Gil Amarg\u00f3s llevamos ya 50 a\u00f1os cerca de las personas, para dar lo mejor de nosotros mismos y garantizar la excelencia en el servicio. Porque somos gen de barrio y sabemos que tratamos con lo m\u00e1s preciado de cada uno.<\/strong><\/p>\n<h2><strong>Todo lo que necesitas<\/strong><\/h2>\n<p>Gil Amarg\u00f3s es sin\u00f3nimo de gesti\u00f3n inmobiliaria integral y de confianza, as\u00ed como una nueva forma de entender los procesos inmobiliarios, donde las personas son el centro y donde el conocimiento del barrio de Les Corts es la mejor garant\u00eda. Estamos en todo momento a su lado para todas las operaciones y, siempre, pensando y defendiendo sus intereses. Nos avala la experiencia y satisfacci\u00f3n de los clientes que ya ha confiado en nosotros durante 50 a\u00f1os. Desde la compraventa, pasando por la gesti\u00f3n de comunidades y la gesti\u00f3n de patrimonios inmobiliarios y alquileres, nuestros agentes le atender\u00e1n de forma particular y personalizada.<\/p>\n<p><strong>\u00bfPor qu\u00e9 Gil Amarg\u00f3s?<\/strong><\/p>\n<ul>\n<li>Porque somos gente de barrio y estamos cerca de las personas.<\/li>\n<li><strong>Porque contamos con m\u00e1s de\u00a0<\/strong><strong>250 comunidades<\/strong><br \/>\ny la confianza de nuestros clientes es nuestro mayor valor.<\/li>\n<li><strong>Porque gestionamos m\u00e1s de\u00a0<\/strong><strong>200 inmuebles.<\/strong><br \/>\nY nos ocupamos de todo para que no tengas que preocuparte de nada.<\/li>\n<li><strong>Porque nos encargamos de m\u00e1s de\u00a0<\/strong><strong>000 viviendas en alquiler.<\/strong>\u00a0Y ofrecemos la m\u00e1xima rentabilidad, seguridad y garant\u00eda.<\/li>\n<li><strong>Porque contamos m\u00e1s de\u00a0<\/strong><strong>100 operaciones inmobiliarias anuales.<\/strong>\u00a0Y esto nos permite cuidar cada detalle de una manera cercana y transparente.<\/li>\n<\/ul>\n<figure id=\"attachment_23709\" class=\"wp-caption alignnone\" aria-describedby=\"caption-attachment-23709\"><img loading=\"lazy\" decoding=\"async\" class=\"size-large wp-image-23709\" src=\"https:\/\/gilamargos.com\/wp-content\/uploads\/2024\/08\/immobiliaria-les-corts-min-1024x611.jpg\" sizes=\"auto, (max-width: 1024px) 100vw, 1024px\" srcset=\"https:\/\/gilamargos.com\/wp-content\/uploads\/2024\/08\/immobiliaria-les-corts-min-1024x611.jpg 1024w, https:\/\/gilamargos.com\/wp-content\/uploads\/2024\/08\/immobiliaria-les-corts-min-300x179.jpg 300w, https:\/\/gilamargos.com\/wp-content\/uploads\/2024\/08\/immobiliaria-les-corts-min-768x458.jpg 768w, https:\/\/gilamargos.com\/wp-content\/uploads\/2024\/08\/immobiliaria-les-corts-min-1536x916.jpg 1536w, https:\/\/gilamargos.com\/wp-content\/uploads\/2024\/08\/immobiliaria-les-corts-min-2048x1221.jpg 2048w, https:\/\/gilamargos.com\/wp-content\/uploads\/2024\/08\/immobiliaria-les-corts-min-1006x600.jpg 1006w, https:\/\/gilamargos.com\/wp-content\/uploads\/2024\/08\/immobiliaria-les-corts-min-496x296.jpg 496w\" alt=\"Inmobiliaria Les Corts\" width=\"1024\" height=\"611\" data-src=\"https:\/\/gilamargos.com\/wp-content\/uploads\/2024\/08\/immobiliaria-les-corts-min-1024x611.jpg\" data-srcset=\"https:\/\/gilamargos.com\/wp-content\/uploads\/2024\/08\/immobiliaria-les-corts-min-1024x611.jpg 1024w, https:\/\/gilamargos.com\/wp-content\/uploads\/2024\/08\/immobiliaria-les-corts-min-300x179.jpg 300w, https:\/\/gilamargos.com\/wp-content\/uploads\/2024\/08\/immobiliaria-les-corts-min-768x458.jpg 768w, https:\/\/gilamargos.com\/wp-content\/uploads\/2024\/08\/immobiliaria-les-corts-min-1536x916.jpg 1536w, https:\/\/gilamargos.com\/wp-content\/uploads\/2024\/08\/immobiliaria-les-corts-min-2048x1221.jpg 2048w, https:\/\/gilamargos.com\/wp-content\/uploads\/2024\/08\/immobiliaria-les-corts-min-1006x600.jpg 1006w, https:\/\/gilamargos.com\/wp-content\/uploads\/2024\/08\/immobiliaria-les-corts-min-496x296.jpg 496w\" \/><figcaption id=\"caption-attachment-23709\" class=\"wp-caption-text\">El barrio de Les Corts de Barcelona es una zona con unas caracter\u00edsticas muy particulares y atractivas tanto para los residentes como para los inversores.<\/figcaption><\/figure>\n<h2>La importancia de ser locales en tu barrio: Les Corts<\/h2>\n<p>El barrio de\u00a0<strong>Les Corts<\/strong>\u00a0de Barcelona es una zona con unas caracter\u00edsticas muy particulares y atractivas tanto para los residentes como para los inversores.<\/p>\n<p><strong>C\u00e9ntrico y conectado:<\/strong>\u00a0Los pasillos est\u00e1n situados en la zona central de Barcelona, \u200b\u200benlazados con el resto de la ciudad con v\u00edas de transporte p\u00fablico, incluyendo varias l\u00edneas de metro (L3) y autobuses. La proximidad a la diagonal, una de las principales arterias de la ciudad, facilita el acceso a otras zonas cercanas a Barcelona.<\/p>\n<p><strong>Zona Residencial y Tranquila:<\/strong>\u00a0Les Corts se conoce por ser un barrio residencial y tranquilo, lo que hace ideal para familias y personas que buscan vivir en un \u00e1rea menos bulliciosa comparada con el centro de la ciudad.<\/p>\n<p><strong>Espacios Verdes:<\/strong>\u00a0El barrio cuenta con una variedad de parques y zonas verdes, como los Jardines de la Maternidad, que ofrece un espacio para el aire libre y el descenso de la ciudad.<\/p>\n<p><strong>Instituciones Educativas:<\/strong>\u00a0En Les Corts se encuentran algunas de las mayores instituciones educativas de Barcelona, \u200b\u200bincluyendo escuelas internacionales, colegios privados y universidades, como la Universidad de Barcelona y la Universidad Polit\u00e9cnica de Catalu\u00f1a.<\/p>\n<p><strong>Servicios m\u00e9dicos:<\/strong>\u00a0La zona cuenta con dos servicios sanitarios, con varios centros m\u00e9dicos y hospitales m\u00e9dicos, entre los que destacan el Hospital Cl\u00ednic y la Maternidad.<\/p>\n<p><strong>Estadio del FC Barcelona (Camp Nou):<\/strong>\u00a0El Camp Nou, uno de los estadios de f\u00fatbol con mayor grandeza y emblemas del mundo, se encuentra en Les Corts. Este barrio posee una identidad particular y un n\u00famero de kil\u00f3metros de visitantes durante todo el a\u00f1o.<\/p>\n<figure id=\"attachment_23712\" class=\"wp-caption alignnone\" aria-describedby=\"caption-attachment-23712\"><img loading=\"lazy\" decoding=\"async\" class=\"size-large wp-image-23712\" src=\"https:\/\/gilamargos.com\/wp-content\/uploads\/2024\/08\/immobiliaria-Les-Corts-Gil-Amargos-min-1024x626.jpg\" sizes=\"auto, (max-width: 1024px) 100vw, 1024px\" srcset=\"https:\/\/gilamargos.com\/wp-content\/uploads\/2024\/08\/immobiliaria-Les-Corts-Gil-Amargos-min-1024x626.jpg 1024w, https:\/\/gilamargos.com\/wp-content\/uploads\/2024\/08\/immobiliaria-Les-Corts-Gil-Amargos-min-300x183.jpg 300w, https:\/\/gilamargos.com\/wp-content\/uploads\/2024\/08\/immobiliaria-Les-Corts-Gil-Amargos-min-768x469.jpg 768w, https:\/\/gilamargos.com\/wp-content\/uploads\/2024\/08\/immobiliaria-Les-Corts-Gil-Amargos-min-1536x938.jpg 1536w, https:\/\/gilamargos.com\/wp-content\/uploads\/2024\/08\/immobiliaria-Les-Corts-Gil-Amargos-min-2048x1251.jpg 2048w, https:\/\/gilamargos.com\/wp-content\/uploads\/2024\/08\/immobiliaria-Les-Corts-Gil-Amargos-min-982x600.jpg 982w, https:\/\/gilamargos.com\/wp-content\/uploads\/2024\/08\/immobiliaria-Les-Corts-Gil-Amargos-min-496x303.jpg 496w\" alt=\"Inmobiliaria Les Corts\" width=\"1024\" height=\"626\" data-src=\"https:\/\/gilamargos.com\/wp-content\/uploads\/2024\/08\/immobiliaria-Les-Corts-Gil-Amargos-min-1024x626.jpg\" data-srcset=\"https:\/\/gilamargos.com\/wp-content\/uploads\/2024\/08\/immobiliaria-Les-Corts-Gil-Amargos-min-1024x626.jpg 1024w, https:\/\/gilamargos.com\/wp-content\/uploads\/2024\/08\/immobiliaria-Les-Corts-Gil-Amargos-min-300x183.jpg 300w, https:\/\/gilamargos.com\/wp-content\/uploads\/2024\/08\/immobiliaria-Les-Corts-Gil-Amargos-min-768x469.jpg 768w, https:\/\/gilamargos.com\/wp-content\/uploads\/2024\/08\/immobiliaria-Les-Corts-Gil-Amargos-min-1536x938.jpg 1536w, https:\/\/gilamargos.com\/wp-content\/uploads\/2024\/08\/immobiliaria-Les-Corts-Gil-Amargos-min-2048x1251.jpg 2048w, https:\/\/gilamargos.com\/wp-content\/uploads\/2024\/08\/immobiliaria-Les-Corts-Gil-Amargos-min-982x600.jpg 982w, https:\/\/gilamargos.com\/wp-content\/uploads\/2024\/08\/immobiliaria-Les-Corts-Gil-Amargos-min-496x303.jpg 496w\" \/><figcaption id=\"caption-attachment-23712\" class=\"wp-caption-text\">Inmobiliaria Les Corts: El Camp Nou, uno de los estadios de f\u00fatbol con mayor grandeza y emblemas del mundo, se encuentra en Les Corts.<\/figcaption><\/figure>\n<p><strong>Arquitectura<\/strong>\u00a0: Les Corts combinan edificios modernos con construcciones m\u00e1s tradicionales, que reflejan la evoluci\u00f3n del barrio hist\u00f3rico del pa\u00eds desde sus or\u00edgenes como zona agr\u00edcola que se ha convertido en un barrio urbano y din\u00e1mico.<\/p>\n<p><strong>\u00c1rea Comercial:<\/strong>\u00a0Les Corts cuentan con diversas zonas comerciales, incluyendo los centros comerciales como L&#8217;Illa Diagonal y Pedralbes Center, que ofrecen una amplia oferta de zonas, restaurantes y servicios.<\/p>\n<p><strong>Sede de Empresas:<\/strong>\u00a0El barrio alberga oficinas de importantes empresas y corporaciones, especialmente en la gran avenida Diagonal, se ha situado en un centro de negociaciones destacado en Barcelona.<\/p>\n<p><strong>Diversidad Sociocultural<\/strong>\u00a0: Aunque tradicionalmente ha sido un barrio de clase media-alta, en los \u00faltimos a\u00f1os ha experimentado una gran diversidad, atrayendo a residentes de diferentes perfiles y nacionalidades.<\/p>\n<p><strong>Comunidad Activa<\/strong>\u00a0: Les Corts forman una comunidad activa con asociaciones de vecinos que participan en la vida del barrio y organizan actividades culturales, deportivas y sociales.<\/p>\n<p><strong>Oferta de Vivienda:<\/strong>\u00a0Les Corts ofrece una variedad de opciones de vivienda, desde pisos modernos en edificios recientes hasta apartamentos en fincas cl\u00e1sicas. La exigencia de vida se debe siempre a la calidad de vida que viene del barrio.<\/p>\n<p><strong>Proyectos urbanos:<\/strong>\u00a0Existen diferentes proyectos de renovaci\u00f3n y urbanizaci\u00f3n en el mercado, que sugieren una mejora continua y posibilidad de revalorizaci\u00f3n.<\/p>\n<p><strong>Gil Amarg\u00f3s<\/strong>\u00a0es sin\u00f3nimo de gesti\u00f3n\u00a0<strong>inmobiliaria<\/strong>\u00a0integral y de confianza, as\u00ed como una nueva forma de entender los procesos inmobiliarios, donde las personas son el centro y donde el conocimiento del barrio de Les Corts es la mejor garant\u00eda<\/p>\n<h2><strong>Venta de inmuebles<\/strong><\/h2>\n<p>El i-Experience, es una innovadora forma de entender y articular el proceso de venta de tu propiedad. Se trata de un proceso personalizado, por medio de una experiencia inteligente y diferenciada.<\/p>\n<p>Te ofrecemos todo el abanico completo de servicios profesionales de compra-venta que puedes necesitar, pero t\u00fa decides si quieres todo, o s\u00f3lo una parte. Una f\u00f3rmula f\u00e1cil y eficaz, exclusiva de Gil Amarg\u00f3s, que se adaptar\u00e1 como un guante a tu disponibilidad de tiempo, capacidad profesional o al grado de implicaci\u00f3n que est\u00e9s dispuesto a asumir.<\/p>\n<h2><strong>Gesti\u00f3n de comunidades<\/strong><\/h2>\n<p>Somos expertos en la gesti\u00f3n de comunidades de propietarios, con un servicio de <a href=\"https:\/\/gilamargos.com\/es\/lnd-es\/inmobiliaria-familiar-en-barcelona\">administraci\u00f3n cercano y familiar<\/a>.<\/p>\n<ul>\n<li><strong>Gesti\u00f3n econ\u00f3mica enfocada al ahorro y efectividad.<\/strong><\/li>\n<li><strong>Gesti\u00f3n legal, fiscal y laboral, por cumplir con las normativas vigentes en todo momento.<\/strong><\/li>\n<li><strong>Gesti\u00f3n de obras y rehabilitaci\u00f3n del edificio de forma proactiva, anticip\u00e1ndonos a los problemas.<\/strong><\/li>\n<li><strong>Gesti\u00f3n de aver\u00edas, reparaciones y siniestros con la m\u00e1xima agilidad y eficiencia.<\/strong><\/li>\n<li><strong>Gesti\u00f3n de los mantenimientos del inmueble garantizando los servicios que realmente necesita el inmueble.<\/strong><\/li>\n<li><strong>Comunicaci\u00f3n fluida con todos los clientes, tanto presencial como virtual, estamos accesibles a nuestros propietarios.<\/strong><\/li>\n<\/ul>\n<h2><strong>Gesti\u00f3n patrimonial\u00a0<\/strong><\/h2>\n<p>Gestionamos el patrimonio de nuestros clientes como nuestro. Seguimiento diario, atenci\u00f3n y acompa\u00f1amiento en todo lo que pueda surgir para sacar el mejor rendimiento de sus activos.<\/p>\n<p>En Gil Amarg\u00f3s nos gusta estar a su servicio en todo lo que se relaciona con una gesti\u00f3n impecable de su alquiler. Tambi\u00e9n somos expertos en sacar el m\u00e1ximo provecho de su patrimonio inmobiliario.<\/p>\n<p><strong>En la oficina de Gil Amarg\u00f3s de la Travessera de Les Corts seguro que har\u00e1 un buen negocio. Con nosotros, tendr\u00e1 el barrio de Les Corts a su alcance.<\/strong><\/p>\n<p><strong>Tambi\u00e9n tienes una oficina Gil Amarg\u00f3s en la calle Comte Urgell, 46.<br \/>\n<\/strong><strong>M\u00e1s de 50 a\u00f1os ofreciendo servicios inmobiliarios cercanos, integrales y ajustados a cada necesidad.<\/strong><\/p>\n<p><strong>Gil Amarg\u00f3s<\/strong><\/p>\n<p>Travessera de les Corts, 304-306<br \/>\n08029 Barcelona<br \/>\n<a href=\"tel:+34934908759?_x_tr_sl=ca&amp;_x_tr_tl=es&amp;_x_tr_hl=es&amp;_x_tr_pto=wapp\">93 490 87 59<\/a><br \/>\n<a href=\"mailto:lescorts@gilamargos.com?_x_tr_sl=ca&amp;_x_tr_tl=es&amp;_x_tr_hl=es&amp;_x_tr_pto=wapp\">lescorts@gilamargos.com<\/a><\/p>\n<p>Conde de Urgell, 46<br \/>\n08011 Barcelona<br \/>\n<a href=\"tel:+34934525081?_x_tr_sl=ca&amp;_x_tr_tl=es&amp;_x_tr_hl=es&amp;_x_tr_pto=wapp\">93 452 50 81<\/a><br \/>\n<a href=\"mailto:santantoni@gilamargos.com?_x_tr_sl=ca&amp;_x_tr_tl=es&amp;_x_tr_hl=es&amp;_x_tr_pto=wapp\">santantoni@gilamargos.com<\/a><\/p>\n","protected":false},"excerpt":{"rendered":"<p>Gil Amarg\u00f3s, la inmobiliaria de referencia del barrio de Les Corts de Barcelona Si quieres una agencia que conoce todos los rincones, nosotros somos lo que necesitas\u00a0 En la oficina de Gil Amarg\u00f3s de la Travessera de Les Corts, 304-306 encontrar\u00e1s todo lo que necesitas saber del barrio de Les Corts de Barcelona, \u200b\u200by m\u00e1s. [&hellip;]<\/p>\n","protected":false},"author":1,"featured_media":23712,"comment_status":"closed","ping_status":"open","sticky":false,"template":"","format":"standard","meta":{"footnotes":""},"categories":[167],"tags":[],"class_list":["post-23718","post","type-post","status-publish","format-standard","has-post-thumbnail","hentry","category-lnd-es"],"yoast_head":"<!-- This site is optimized with the Yoast SEO plugin v27.3 - https:\/\/yoast.com\/product\/yoast-seo-wordpress\/ -->\n<title>Inmobiliaria Les Corts<\/title>\n<meta name=\"description\" content=\"Inmobiliaria Les Corts: La importancia de ser locales en tu barrio: Les Corts, una inmobiliaria del barrio para la gente de Les Corts\" \/>\n<meta name=\"robots\" content=\"index, follow, max-snippet:-1, max-image-preview:large, max-video-preview:-1\" \/>\n<link rel=\"canonical\" href=\"https:\/\/gilamargos.com\/es\/lnd-es\/inmobiliaria-les-corts\" \/>\n<meta property=\"og:locale\" content=\"es_ES\" \/>\n<meta property=\"og:type\" content=\"article\" \/>\n<meta property=\"og:title\" content=\"Inmobiliaria Les Corts\" \/>\n<meta property=\"og:description\" content=\"Inmobiliaria Les Corts: La importancia de ser locales en tu barrio: Les Corts, una inmobiliaria del barrio para la gente de Les Corts\" \/>\n<meta property=\"og:url\" content=\"https:\/\/gilamargos.com\/es\/lnd-es\/inmobiliaria-les-corts\" \/>\n<meta property=\"og:site_name\" content=\"Gil Amarg\u00f3s\" \/>\n<meta property=\"article:publisher\" content=\"https:\/\/www.facebook.com\/gilamargos\" \/>\n<meta property=\"article:published_time\" content=\"2024-08-21T14:33:13+00:00\" \/>\n<meta property=\"article:modified_time\" content=\"2025-05-20T10:56:44+00:00\" \/>\n<meta property=\"og:image\" content=\"https:\/\/gilamargos.com\/wp-content\/uploads\/2024\/08\/immobiliaria-Les-Corts-Gil-Amargos-min-1024x626.jpg\" \/>\n\t<meta property=\"og:image:width\" content=\"1024\" \/>\n\t<meta property=\"og:image:height\" content=\"626\" \/>\n\t<meta property=\"og:image:type\" content=\"image\/jpeg\" \/>\n<meta name=\"author\" content=\"gilamargos-master\" \/>\n<meta name=\"twitter:card\" content=\"summary_large_image\" \/>\n<meta name=\"twitter:label1\" content=\"Escrito por\" \/>\n\t<meta name=\"twitter:data1\" content=\"gilamargos-master\" \/>\n\t<meta name=\"twitter:label2\" content=\"Tiempo de lectura\" \/>\n\t<meta name=\"twitter:data2\" content=\"8 minutos\" \/>\n<script type=\"application\/ld+json\" class=\"yoast-schema-graph\">{\"@context\":\"https:\\\/\\\/schema.org\",\"@graph\":[{\"@type\":\"Article\",\"@id\":\"https:\\\/\\\/gilamargos.com\\\/es\\\/lnd-es\\\/inmobiliaria-les-corts#article\",\"isPartOf\":{\"@id\":\"https:\\\/\\\/gilamargos.com\\\/es\\\/lnd-es\\\/inmobiliaria-les-corts\"},\"author\":{\"name\":\"gilamargos-master\",\"@id\":\"https:\\\/\\\/gilamargos.com\\\/es#\\\/schema\\\/person\\\/3a4facbbf3c9fd19def3d0c0f5456192\"},\"headline\":\"Inmobiliaria Les Corts\",\"datePublished\":\"2024-08-21T14:33:13+00:00\",\"dateModified\":\"2025-05-20T10:56:44+00:00\",\"mainEntityOfPage\":{\"@id\":\"https:\\\/\\\/gilamargos.com\\\/es\\\/lnd-es\\\/inmobiliaria-les-corts\"},\"wordCount\":1297,\"publisher\":{\"@id\":\"https:\\\/\\\/gilamargos.com\\\/es#organization\"},\"image\":{\"@id\":\"https:\\\/\\\/gilamargos.com\\\/es\\\/lnd-es\\\/inmobiliaria-les-corts#primaryimage\"},\"thumbnailUrl\":\"https:\\\/\\\/gilamargos.com\\\/wp-content\\\/uploads\\\/2024\\\/08\\\/immobiliaria-Les-Corts-Gil-Amargos-min-scaled.jpg\",\"articleSection\":[\"Landing\"],\"inLanguage\":\"es\"},{\"@type\":\"WebPage\",\"@id\":\"https:\\\/\\\/gilamargos.com\\\/es\\\/lnd-es\\\/inmobiliaria-les-corts\",\"url\":\"https:\\\/\\\/gilamargos.com\\\/es\\\/lnd-es\\\/inmobiliaria-les-corts\",\"name\":\"Inmobiliaria Les Corts\",\"isPartOf\":{\"@id\":\"https:\\\/\\\/gilamargos.com\\\/es#website\"},\"primaryImageOfPage\":{\"@id\":\"https:\\\/\\\/gilamargos.com\\\/es\\\/lnd-es\\\/inmobiliaria-les-corts#primaryimage\"},\"image\":{\"@id\":\"https:\\\/\\\/gilamargos.com\\\/es\\\/lnd-es\\\/inmobiliaria-les-corts#primaryimage\"},\"thumbnailUrl\":\"https:\\\/\\\/gilamargos.com\\\/wp-content\\\/uploads\\\/2024\\\/08\\\/immobiliaria-Les-Corts-Gil-Amargos-min-scaled.jpg\",\"datePublished\":\"2024-08-21T14:33:13+00:00\",\"dateModified\":\"2025-05-20T10:56:44+00:00\",\"description\":\"Inmobiliaria Les Corts: La importancia de ser locales en tu barrio: Les Corts, una inmobiliaria del barrio para la gente de Les Corts\",\"breadcrumb\":{\"@id\":\"https:\\\/\\\/gilamargos.com\\\/es\\\/lnd-es\\\/inmobiliaria-les-corts#breadcrumb\"},\"inLanguage\":\"es\",\"potentialAction\":[{\"@type\":\"ReadAction\",\"target\":[\"https:\\\/\\\/gilamargos.com\\\/es\\\/lnd-es\\\/inmobiliaria-les-corts\"]}]},{\"@type\":\"ImageObject\",\"inLanguage\":\"es\",\"@id\":\"https:\\\/\\\/gilamargos.com\\\/es\\\/lnd-es\\\/inmobiliaria-les-corts#primaryimage\",\"url\":\"https:\\\/\\\/gilamargos.com\\\/wp-content\\\/uploads\\\/2024\\\/08\\\/immobiliaria-Les-Corts-Gil-Amargos-min-scaled.jpg\",\"contentUrl\":\"https:\\\/\\\/gilamargos.com\\\/wp-content\\\/uploads\\\/2024\\\/08\\\/immobiliaria-Les-Corts-Gil-Amargos-min-scaled.jpg\",\"width\":2560,\"height\":1564,\"caption\":\"Immobili\u00e0ria Les Corts\"},{\"@type\":\"BreadcrumbList\",\"@id\":\"https:\\\/\\\/gilamargos.com\\\/es\\\/lnd-es\\\/inmobiliaria-les-corts#breadcrumb\",\"itemListElement\":[{\"@type\":\"ListItem\",\"position\":1,\"name\":\"Home\",\"item\":\"https:\\\/\\\/gilamargos.com\\\/es\"},{\"@type\":\"ListItem\",\"position\":2,\"name\":\"Inmobiliaria Les Corts\"}]},{\"@type\":\"WebSite\",\"@id\":\"https:\\\/\\\/gilamargos.com\\\/es#website\",\"url\":\"https:\\\/\\\/gilamargos.com\\\/es\",\"name\":\"Administradors Finques y Gestors Patrimoni Gil Amarg\u00f3s\",\"description\":\"\",\"publisher\":{\"@id\":\"https:\\\/\\\/gilamargos.com\\\/es#organization\"},\"potentialAction\":[{\"@type\":\"SearchAction\",\"target\":{\"@type\":\"EntryPoint\",\"urlTemplate\":\"https:\\\/\\\/gilamargos.com\\\/es?s={search_term_string}\"},\"query-input\":{\"@type\":\"PropertyValueSpecification\",\"valueRequired\":true,\"valueName\":\"search_term_string\"}}],\"inLanguage\":\"es\"},{\"@type\":\"Organization\",\"@id\":\"https:\\\/\\\/gilamargos.com\\\/es#organization\",\"name\":\"Gil Amarg\u00f3s\",\"url\":\"https:\\\/\\\/gilamargos.com\\\/es\",\"logo\":{\"@type\":\"ImageObject\",\"inLanguage\":\"es\",\"@id\":\"https:\\\/\\\/gilamargos.com\\\/es#\\\/schema\\\/logo\\\/image\\\/\",\"url\":\"https:\\\/\\\/gilamargos.com\\\/wp-content\\\/uploads\\\/2025\\\/07\\\/GIL_AMARGOS_color_ok_size.png\",\"contentUrl\":\"https:\\\/\\\/gilamargos.com\\\/wp-content\\\/uploads\\\/2025\\\/07\\\/GIL_AMARGOS_color_ok_size.png\",\"width\":240,\"height\":60,\"caption\":\"Gil Amarg\u00f3s\"},\"image\":{\"@id\":\"https:\\\/\\\/gilamargos.com\\\/es#\\\/schema\\\/logo\\\/image\\\/\"},\"sameAs\":[\"https:\\\/\\\/www.facebook.com\\\/gilamargos\",\"https:\\\/\\\/www.linkedin.com\\\/company\\\/gil-amargs\\\/?originalSubdomain=es\",\"https:\\\/\\\/www.instagram.com\\\/gilamargos\\\/\"]},{\"@type\":\"Person\",\"@id\":\"https:\\\/\\\/gilamargos.com\\\/es#\\\/schema\\\/person\\\/3a4facbbf3c9fd19def3d0c0f5456192\",\"name\":\"gilamargos-master\",\"image\":{\"@type\":\"ImageObject\",\"inLanguage\":\"es\",\"@id\":\"https:\\\/\\\/secure.gravatar.com\\\/avatar\\\/4824348b2215d6e40d2cb7a9d9877e09761e83be8386974f11ceb7cfa70753d9?s=96&d=mm&r=g\",\"url\":\"https:\\\/\\\/secure.gravatar.com\\\/avatar\\\/4824348b2215d6e40d2cb7a9d9877e09761e83be8386974f11ceb7cfa70753d9?s=96&d=mm&r=g\",\"contentUrl\":\"https:\\\/\\\/secure.gravatar.com\\\/avatar\\\/4824348b2215d6e40d2cb7a9d9877e09761e83be8386974f11ceb7cfa70753d9?s=96&d=mm&r=g\",\"caption\":\"gilamargos-master\"},\"sameAs\":[\"http:\\\/\\\/gilamargos.com\"]}]}<\/script>\n<!-- \/ Yoast SEO plugin. -->","yoast_head_json":{"title":"Inmobiliaria Les Corts","description":"Inmobiliaria Les Corts: La importancia de ser locales en tu barrio: Les Corts, una inmobiliaria del barrio para la gente de Les Corts","robots":{"index":"index","follow":"follow","max-snippet":"max-snippet:-1","max-image-preview":"max-image-preview:large","max-video-preview":"max-video-preview:-1"},"canonical":"https:\/\/gilamargos.com\/es\/lnd-es\/inmobiliaria-les-corts","og_locale":"es_ES","og_type":"article","og_title":"Inmobiliaria Les Corts","og_description":"Inmobiliaria Les Corts: La importancia de ser locales en tu barrio: Les Corts, una inmobiliaria del barrio para la gente de Les Corts","og_url":"https:\/\/gilamargos.com\/es\/lnd-es\/inmobiliaria-les-corts","og_site_name":"Gil Amarg\u00f3s","article_publisher":"https:\/\/www.facebook.com\/gilamargos","article_published_time":"2024-08-21T14:33:13+00:00","article_modified_time":"2025-05-20T10:56:44+00:00","og_image":[{"width":1024,"height":626,"url":"https:\/\/gilamargos.com\/wp-content\/uploads\/2024\/08\/immobiliaria-Les-Corts-Gil-Amargos-min-1024x626.jpg","type":"image\/jpeg"}],"author":"gilamargos-master","twitter_card":"summary_large_image","twitter_misc":{"Escrito por":"gilamargos-master","Tiempo de lectura":"8 minutos"},"schema":{"@context":"https:\/\/schema.org","@graph":[{"@type":"Article","@id":"https:\/\/gilamargos.com\/es\/lnd-es\/inmobiliaria-les-corts#article","isPartOf":{"@id":"https:\/\/gilamargos.com\/es\/lnd-es\/inmobiliaria-les-corts"},"author":{"name":"gilamargos-master","@id":"https:\/\/gilamargos.com\/es#\/schema\/person\/3a4facbbf3c9fd19def3d0c0f5456192"},"headline":"Inmobiliaria Les Corts","datePublished":"2024-08-21T14:33:13+00:00","dateModified":"2025-05-20T10:56:44+00:00","mainEntityOfPage":{"@id":"https:\/\/gilamargos.com\/es\/lnd-es\/inmobiliaria-les-corts"},"wordCount":1297,"publisher":{"@id":"https:\/\/gilamargos.com\/es#organization"},"image":{"@id":"https:\/\/gilamargos.com\/es\/lnd-es\/inmobiliaria-les-corts#primaryimage"},"thumbnailUrl":"https:\/\/gilamargos.com\/wp-content\/uploads\/2024\/08\/immobiliaria-Les-Corts-Gil-Amargos-min-scaled.jpg","articleSection":["Landing"],"inLanguage":"es"},{"@type":"WebPage","@id":"https:\/\/gilamargos.com\/es\/lnd-es\/inmobiliaria-les-corts","url":"https:\/\/gilamargos.com\/es\/lnd-es\/inmobiliaria-les-corts","name":"Inmobiliaria Les Corts","isPartOf":{"@id":"https:\/\/gilamargos.com\/es#website"},"primaryImageOfPage":{"@id":"https:\/\/gilamargos.com\/es\/lnd-es\/inmobiliaria-les-corts#primaryimage"},"image":{"@id":"https:\/\/gilamargos.com\/es\/lnd-es\/inmobiliaria-les-corts#primaryimage"},"thumbnailUrl":"https:\/\/gilamargos.com\/wp-content\/uploads\/2024\/08\/immobiliaria-Les-Corts-Gil-Amargos-min-scaled.jpg","datePublished":"2024-08-21T14:33:13+00:00","dateModified":"2025-05-20T10:56:44+00:00","description":"Inmobiliaria Les Corts: La importancia de ser locales en tu barrio: Les Corts, una inmobiliaria del barrio para la gente de Les Corts","breadcrumb":{"@id":"https:\/\/gilamargos.com\/es\/lnd-es\/inmobiliaria-les-corts#breadcrumb"},"inLanguage":"es","potentialAction":[{"@type":"ReadAction","target":["https:\/\/gilamargos.com\/es\/lnd-es\/inmobiliaria-les-corts"]}]},{"@type":"ImageObject","inLanguage":"es","@id":"https:\/\/gilamargos.com\/es\/lnd-es\/inmobiliaria-les-corts#primaryimage","url":"https:\/\/gilamargos.com\/wp-content\/uploads\/2024\/08\/immobiliaria-Les-Corts-Gil-Amargos-min-scaled.jpg","contentUrl":"https:\/\/gilamargos.com\/wp-content\/uploads\/2024\/08\/immobiliaria-Les-Corts-Gil-Amargos-min-scaled.jpg","width":2560,"height":1564,"caption":"Immobili\u00e0ria Les Corts"},{"@type":"BreadcrumbList","@id":"https:\/\/gilamargos.com\/es\/lnd-es\/inmobiliaria-les-corts#breadcrumb","itemListElement":[{"@type":"ListItem","position":1,"name":"Home","item":"https:\/\/gilamargos.com\/es"},{"@type":"ListItem","position":2,"name":"Inmobiliaria Les Corts"}]},{"@type":"WebSite","@id":"https:\/\/gilamargos.com\/es#website","url":"https:\/\/gilamargos.com\/es","name":"Administradors Finques y Gestors Patrimoni Gil Amarg\u00f3s","description":"","publisher":{"@id":"https:\/\/gilamargos.com\/es#organization"},"potentialAction":[{"@type":"SearchAction","target":{"@type":"EntryPoint","urlTemplate":"https:\/\/gilamargos.com\/es?s={search_term_string}"},"query-input":{"@type":"PropertyValueSpecification","valueRequired":true,"valueName":"search_term_string"}}],"inLanguage":"es"},{"@type":"Organization","@id":"https:\/\/gilamargos.com\/es#organization","name":"Gil Amarg\u00f3s","url":"https:\/\/gilamargos.com\/es","logo":{"@type":"ImageObject","inLanguage":"es","@id":"https:\/\/gilamargos.com\/es#\/schema\/logo\/image\/","url":"https:\/\/gilamargos.com\/wp-content\/uploads\/2025\/07\/GIL_AMARGOS_color_ok_size.png","contentUrl":"https:\/\/gilamargos.com\/wp-content\/uploads\/2025\/07\/GIL_AMARGOS_color_ok_size.png","width":240,"height":60,"caption":"Gil Amarg\u00f3s"},"image":{"@id":"https:\/\/gilamargos.com\/es#\/schema\/logo\/image\/"},"sameAs":["https:\/\/www.facebook.com\/gilamargos","https:\/\/www.linkedin.com\/company\/gil-amargs\/?originalSubdomain=es","https:\/\/www.instagram.com\/gilamargos\/"]},{"@type":"Person","@id":"https:\/\/gilamargos.com\/es#\/schema\/person\/3a4facbbf3c9fd19def3d0c0f5456192","name":"gilamargos-master","image":{"@type":"ImageObject","inLanguage":"es","@id":"https:\/\/secure.gravatar.com\/avatar\/4824348b2215d6e40d2cb7a9d9877e09761e83be8386974f11ceb7cfa70753d9?s=96&d=mm&r=g","url":"https:\/\/secure.gravatar.com\/avatar\/4824348b2215d6e40d2cb7a9d9877e09761e83be8386974f11ceb7cfa70753d9?s=96&d=mm&r=g","contentUrl":"https:\/\/secure.gravatar.com\/avatar\/4824348b2215d6e40d2cb7a9d9877e09761e83be8386974f11ceb7cfa70753d9?s=96&d=mm&r=g","caption":"gilamargos-master"},"sameAs":["http:\/\/gilamargos.com"]}]}},"_links":{"self":[{"href":"https:\/\/gilamargos.com\/es\/wp-json\/wp\/v2\/posts\/23718","targetHints":{"allow":["GET"]}}],"collection":[{"href":"https:\/\/gilamargos.com\/es\/wp-json\/wp\/v2\/posts"}],"about":[{"href":"https:\/\/gilamargos.com\/es\/wp-json\/wp\/v2\/types\/post"}],"author":[{"embeddable":true,"href":"https:\/\/gilamargos.com\/es\/wp-json\/wp\/v2\/users\/1"}],"replies":[{"embeddable":true,"href":"https:\/\/gilamargos.com\/es\/wp-json\/wp\/v2\/comments?post=23718"}],"version-history":[{"count":3,"href":"https:\/\/gilamargos.com\/es\/wp-json\/wp\/v2\/posts\/23718\/revisions"}],"predecessor-version":[{"id":25456,"href":"https:\/\/gilamargos.com\/es\/wp-json\/wp\/v2\/posts\/23718\/revisions\/25456"}],"wp:featuredmedia":[{"embeddable":true,"href":"https:\/\/gilamargos.com\/es\/wp-json\/wp\/v2\/media\/23712"}],"wp:attachment":[{"href":"https:\/\/gilamargos.com\/es\/wp-json\/wp\/v2\/media?parent=23718"}],"wp:term":[{"taxonomy":"category","embeddable":true,"href":"https:\/\/gilamargos.com\/es\/wp-json\/wp\/v2\/categories?post=23718"},{"taxonomy":"post_tag","embeddable":true,"href":"https:\/\/gilamargos.com\/es\/wp-json\/wp\/v2\/tags?post=23718"}],"curies":[{"name":"wp","href":"https:\/\/api.w.org\/{rel}","templated":true}]}}