{"id":23460,"date":"2024-06-19T09:03:09","date_gmt":"2024-06-19T09:03:09","guid":{"rendered":"https:\/\/gilamargos.com\/?p=23460"},"modified":"2024-07-04T11:23:51","modified_gmt":"2024-07-04T11:23:51","slug":"venta-de-inmuebles-en-les-corts","status":"publish","type":"post","link":"https:\/\/gilamargos.com\/es\/lnd-es\/venta-de-inmuebles-en-les-corts","title":{"rendered":"Venta de inmuebles en Les Corts"},"content":{"rendered":"\t\t<div data-elementor-type=\"wp-post\" data-elementor-id=\"23460\" class=\"elementor elementor-23460\" data-elementor-post-type=\"post\">\n\t\t\t\t\t\t<section class=\"elementor-section elementor-top-section elementor-element elementor-element-11ef174 elementor-section-boxed elementor-section-height-default elementor-section-height-default\" data-id=\"11ef174\" data-element_type=\"section\" data-e-type=\"section\">\n\t\t\t\t\t\t<div class=\"elementor-container elementor-column-gap-default\">\n\t\t\t\t\t<div class=\"elementor-column elementor-col-100 elementor-top-column elementor-element elementor-element-4c9c3c0\" data-id=\"4c9c3c0\" data-element_type=\"column\" data-e-type=\"column\">\n\t\t\t<div class=\"elementor-widget-wrap elementor-element-populated\">\n\t\t\t\t\t\t<div class=\"elementor-element elementor-element-6884d11 elementor-widget elementor-widget-text-editor\" data-id=\"6884d11\" data-element_type=\"widget\" data-e-type=\"widget\" data-widget_type=\"text-editor.default\">\n\t\t\t\t<div class=\"elementor-widget-container\">\n\t\t\t\t\t\t\t\t\t<p><strong>Gil Amarg\u00f3s es una agencia experta en alquiler y venta de inmuebles en Les Corts. Si quieres vender un inmueble en Les Corts, no lo dudes, con Gil Amarg\u00f3s te ir\u00e1 mejor<\/strong><\/p><p><strong>Te ofrecemos una experiencia de venta inteligente y diferenciada<\/strong><\/p><p><strong>Si est\u00e1s buscando una forma f\u00e1cil, transparente, sencilla, acompa\u00f1ada y a tu medida para vender tu piso en Les Corts, con Gil Amarg\u00f3s has encontrado lo que buscabas. Aqu\u00ed te contamos nuestra forma innovadora de adaptarnos a tus necesidades.<\/strong><\/p><figure id=\"attachment_23462\" aria-describedby=\"caption-attachment-23462\" style=\"width: 1024px\" class=\"wp-caption alignnone\"><img loading=\"lazy\" decoding=\"async\" class=\"size-large wp-image-23462\" src=\"https:\/\/gilamargos.com\/wp-content\/uploads\/2024\/06\/vender-piso-les-corts-barcelona-1024x683.webp\" alt=\"\" width=\"1024\" height=\"683\" srcset=\"https:\/\/gilamargos.com\/wp-content\/uploads\/2024\/06\/vender-piso-les-corts-barcelona-1024x683.webp 1024w, https:\/\/gilamargos.com\/wp-content\/uploads\/2024\/06\/vender-piso-les-corts-barcelona-300x200.webp 300w, https:\/\/gilamargos.com\/wp-content\/uploads\/2024\/06\/vender-piso-les-corts-barcelona-768x512.webp 768w, https:\/\/gilamargos.com\/wp-content\/uploads\/2024\/06\/vender-piso-les-corts-barcelona-1536x1025.webp 1536w, https:\/\/gilamargos.com\/wp-content\/uploads\/2024\/06\/vender-piso-les-corts-barcelona-2048x1366.webp 2048w, https:\/\/gilamargos.com\/wp-content\/uploads\/2024\/06\/vender-piso-les-corts-barcelona-899x600.webp 899w, https:\/\/gilamargos.com\/wp-content\/uploads\/2024\/06\/vender-piso-les-corts-barcelona-496x331.webp 496w\" sizes=\"auto, (max-width: 1024px) 100vw, 1024px\" \/><figcaption id=\"caption-attachment-23462\" class=\"wp-caption-text\">Venta de pisos y casas con i-Experiences en Les Corts<\/figcaption><\/figure><p>Gil Amarg\u00f3s somos una inmobiliaria distinta, centrada en las personas y sus necesidades concretas. Por eso, ofrecemos una experiencia de venta inteligente y diferenciada, la i-Experiences.<\/p><h2><strong>Venta de inmuebles en Les Corts con i-Experiences, la m\u00e1xima adaptaci\u00f3n a tus necesidades<\/strong><\/h2><p>En Gil Amarg\u00f3s te ofrecemos <a href=\"https:\/\/gilamargos.com\/es\/i-experiences-gil-amargos-la-libertad-de-escoger-como-vender-tu-piso\/\">i-Experiences<\/a> una f\u00f3rmula innovadora para vender tu inmueble en Les Corts que nos permite adaptarnos a tus necesidades reales. Sabemos que cada propietario tiene sus necesidades particulares, su voluntad de implicaci\u00f3n y su propia experiencia, por lo que no todo el mundo necesita el mismo grado de acompa\u00f1amiento profesional a la hora de vender. Por eso, ponemos a tu disposici\u00f3n una nueva forma de entender el proceso de venta de una propiedad.<\/p><p><strong>\u00bfC\u00f3mo funciona i-Experiences?<\/strong><\/p><p>Se trata de un proceso personalizado, por medio de una experiencia inteligente y diferenciada.<\/p><p>En Gil Amarg\u00f3s te ofrecemos todo el abanico completo de servicios profesionales de compra-venta que puedes necesitar, pero t\u00fa decides si quieres todo, o s\u00f3lo una parte. Una f\u00f3rmula f\u00e1cil, transparente y eficaz que se adaptar\u00e1 como un guante a tu disponibilidad de tiempo, capacidad profesional o grado de implicaci\u00f3n que est\u00e9s dispuesto a asumir. Por eso, ponemos a tu disposici\u00f3n:<\/p><p><strong>i-Experience Completa<\/strong><\/p><p><strong>i-Experience Difusi\u00f3n B\u00e1sica<\/strong><\/p><p><strong>i-Experience Difusi\u00f3n Premium<\/strong><\/p><p><strong>i-Experience Valoraci\u00f3n<\/strong><\/p><p><strong>i-Experience Firma<\/strong><\/p><p><strong>i-Experience Expertos<\/strong><\/p><p><strong>Estaremos encantados de explicarte los detalles de cada una de las i-Experiences en nuestras oficinas de Barcelona de la Travessera de les Corts, 304.<\/strong><\/p><p><strong>Tambi\u00e9n puedes preguntarnos todo lo que quieras saber ahora mismo, te responderemos:<\/strong><\/p>\t\t\t\t\t\t\t\t<\/div>\n\t\t\t\t<\/div>\n\t\t\t\t\t<\/div>\n\t\t<\/div>\n\t\t\t\t\t<\/div>\n\t\t<\/section>\n\t\t\t\t<section class=\"elementor-section elementor-top-section elementor-element elementor-element-ef4499c elementor-section-content-top animated-slow elementor-section-boxed elementor-section-height-default elementor-section-height-default elementor-invisible\" data-id=\"ef4499c\" data-element_type=\"section\" data-e-type=\"section\" data-settings=\"{&quot;animation&quot;:&quot;fadeIn&quot;}\">\n\t\t\t\t\t\t<div class=\"elementor-container elementor-column-gap-default\">\n\t\t\t\t\t<div class=\"elementor-column elementor-col-100 elementor-top-column elementor-element elementor-element-63f00aa\" data-id=\"63f00aa\" data-element_type=\"column\" data-e-type=\"column\" data-settings=\"{&quot;background_background&quot;:&quot;classic&quot;}\">\n\t\t\t<div class=\"elementor-widget-wrap elementor-element-populated\">\n\t\t\t\t\t\t<div class=\"elementor-element elementor-element-fa2716e elementor-widget elementor-widget-houzez_elementor_space\" data-id=\"fa2716e\" data-element_type=\"widget\" data-e-type=\"widget\" data-widget_type=\"houzez_elementor_space.default\">\n\t\t\t\t<div class=\"elementor-widget-container\">\n\t\t\t\t\t        <div class=\"houzez-spacer\">\n            <div class=\"houzez-spacer-inner\"><\/div>\n        <\/div>\n        \t\t\t\t<\/div>\n\t\t\t\t<\/div>\n\t\t\t\t<div class=\"elementor-element elementor-element-00b73f3 elementor-button-align-stretch elementor-widget elementor-widget-houzez_elementor_contact_form\" data-id=\"00b73f3\" data-element_type=\"widget\" data-e-type=\"widget\" data-widget_type=\"houzez_elementor_contact_form.default\">\n\t\t\t\t<div class=\"elementor-widget-container\">\n\t\t\t\t\t\n        <script type=\"application\/javascript\">\n            jQuery(document).bind(\"ready\", function () {\n                houzezValidateElementor(\"#houzez-form-00b73f3\" );\n            });\n        <\/script>\n\n        <form class=\"elementor-form houzez-ele-form-js\" id=\"houzez-form-00b73f3\" method=\"post\" name=\"Formulario\" action=\"https:\/\/gilamargos.com\/wp-admin\/admin-ajax.php\">\n            <input type=\"hidden\" name=\"form_id\" value=\"00b73f3\"\/>\n            <input type=\"hidden\" name=\"houzez_contact_form\" value=\"yes\"\/>\n            <input type=\"hidden\" name=\"action\" value=\"houzez_ele_contact_form\" \/>\n            <input type=\"hidden\" name=\"source_link\" value=\"https:\/\/gilamargos.com\/es\/lnd-es\/venta-de-inmuebles-en-les-corts\" \/>\n            <input type=\"hidden\" name=\"lead_page_id\" value=\"23460\" \/>\n            <input type=\"hidden\" name=\"webhook\" value=\"false\" \/>\n            <input type=\"hidden\" name=\"webhook_url\" value=\"\" \/>\n            <input type=\"hidden\" name=\"redirect_to\" value=\"\" \/>\n            <input type=\"hidden\" name=\"google_recaptcha\" value=\"false\" \/>\n            \n\n            <div class=\"elementor-form-fields-wrapper elementor-labels-above\">\n\n                                    <div class=\"elementor-field-group elementor-column form-group elementor-field-group-name elementor-col-50 elementor-field-required elementor-mark-required\">\n                    <label for=\"form-field-name\" class=\"form-label elementor-field-label\">Nombre<\/label><input type=\"text\" name=\"first_name\" id=\"form-field-name\" class=\"elementor-field form-control elementor-size-sm elementor-field-textual\" placeholder=\"Nombre\" title=\"* Nombre\" required=\"required\">                    <\/div>\n\n                                        <div class=\"elementor-field-group elementor-column form-group elementor-field-group-bf18955 elementor-col-50 elementor-field-required elementor-mark-required\">\n                    <label for=\"form-field-bf18955\" class=\"form-label elementor-field-label\">Apellidos<\/label><input type=\"text\" name=\"last_name\" id=\"form-field-bf18955\" class=\"elementor-field form-control elementor-size-sm elementor-field-textual\" placeholder=\"Apellidos\" title=\"* Apellidos\" required=\"required\">                    <\/div>\n\n                                        <div class=\"elementor-field-group elementor-column form-group elementor-field-group-email elementor-col-100 elementor-field-required elementor-mark-required\">\n                    <label for=\"form-field-email\" class=\"form-label elementor-field-label\">Email<\/label><input type=\"email\" name=\"email\" id=\"form-field-email\" class=\"elementor-field form-control elementor-size-sm elementor-field-textual\" placeholder=\"Email\" title=\"* Email\" required=\"required\">                    <\/div>\n\n                                        <div class=\"elementor-field-group elementor-column form-group elementor-field-group-message elementor-col-100 elementor-field-required elementor-mark-required\">\n                    <label for=\"form-field-message\" class=\"form-label elementor-field-label\">Mensaje<\/label><textarea class=\"elementor-field-textual elementor-field elementor-size-sm\" name=\"message\" id=\"form-field-message\" rows=\"4\" placeholder=\"Mensaje\" required=\"required\" title=\"* Mensaje\"><\/textarea>                    <\/div>\n\n                    \n                    \n                    \n                    \n                    <div class=\"elementor-field-group elementor-column elementor-field-type-submit elementor-col-100\">\n                    <button type=\"submit\" class=\"houzez-submit-button houzez-contact-form-js elementor-button elementor-size-sm\">\n                        <i class=\"houzez-loader-js houzez-hidden spinner-border spinner-border-sm\"><\/i>\n                                                    Enviar                                            <\/button>\n                <\/div>\n            <\/div><!-- End wrapper-->\n            <br\/>\n            <div class=\"ele-form-messages\"><\/div>\n            <div class=\"error-container\"><\/div>\n\n        <\/form>\n\n    \t\t\t\t<\/div>\n\t\t\t\t<\/div>\n\t\t\t\t\t<\/div>\n\t\t<\/div>\n\t\t\t\t\t<\/div>\n\t\t<\/section>\n\t\t\t\t<section class=\"elementor-section elementor-top-section elementor-element elementor-element-b9665a2 elementor-section-boxed elementor-section-height-default elementor-section-height-default\" data-id=\"b9665a2\" data-element_type=\"section\" data-e-type=\"section\">\n\t\t\t\t\t\t<div class=\"elementor-container elementor-column-gap-default\">\n\t\t\t\t\t<div class=\"elementor-column elementor-col-100 elementor-top-column elementor-element elementor-element-9e0b433\" data-id=\"9e0b433\" data-element_type=\"column\" data-e-type=\"column\">\n\t\t\t<div class=\"elementor-widget-wrap elementor-element-populated\">\n\t\t\t\t\t\t<div class=\"elementor-element elementor-element-2525aba elementor-widget elementor-widget-text-editor\" data-id=\"2525aba\" data-element_type=\"widget\" data-e-type=\"widget\" data-widget_type=\"text-editor.default\">\n\t\t\t\t<div class=\"elementor-widget-container\">\n\t\t\t\t\t\t\t\t\t<p><span style=\"font-weight: 600;\">M\u00e1s de 50 a\u00f1os ofreciendo servicios de venta de inmuebles en el barrio de Les Corts, cercanos, integrales y ajustados a cada necesidad.<\/span><\/p><p><span style=\"font-weight: 600;\"><img loading=\"lazy\" decoding=\"async\" class=\"alignnone size-full wp-image-23464\" src=\"https:\/\/gilamargos.com\/wp-content\/uploads\/2024\/06\/venta-inmuebles-Les-Corts.jpg\" alt=\"\" width=\"800\" height=\"600\" srcset=\"https:\/\/gilamargos.com\/wp-content\/uploads\/2024\/06\/venta-inmuebles-Les-Corts.jpg 800w, https:\/\/gilamargos.com\/wp-content\/uploads\/2024\/06\/venta-inmuebles-Les-Corts-300x225.jpg 300w, https:\/\/gilamargos.com\/wp-content\/uploads\/2024\/06\/venta-inmuebles-Les-Corts-768x576.jpg 768w, https:\/\/gilamargos.com\/wp-content\/uploads\/2024\/06\/venta-inmuebles-Les-Corts-592x444.jpg 592w, https:\/\/gilamargos.com\/wp-content\/uploads\/2024\/06\/venta-inmuebles-Les-Corts-584x438.jpg 584w, https:\/\/gilamargos.com\/wp-content\/uploads\/2024\/06\/venta-inmuebles-Les-Corts-120x90.jpg 120w, https:\/\/gilamargos.com\/wp-content\/uploads\/2024\/06\/venta-inmuebles-Les-Corts-496x372.jpg 496w\" sizes=\"auto, (max-width: 800px) 100vw, 800px\" \/><\/span><\/p>\t\t\t\t\t\t\t\t<\/div>\n\t\t\t\t<\/div>\n\t\t\t\t\t<\/div>\n\t\t<\/div>\n\t\t\t\t\t<\/div>\n\t\t<\/section>\n\t\t\t\t<\/div>\n\t\t","protected":false},"excerpt":{"rendered":"<p>Gil Amarg\u00f3s es una agencia experta en alquiler y venta de inmuebles en Les Corts. Si quieres vender un inmueble en Les Corts, no lo dudes, con Gil Amarg\u00f3s te ir\u00e1 mejor Te ofrecemos una experiencia de venta inteligente y diferenciada Si est\u00e1s buscando una forma f\u00e1cil, transparente, sencilla, acompa\u00f1ada y a tu medida para [&hellip;]<\/p>\n","protected":false},"author":1,"featured_media":23462,"comment_status":"closed","ping_status":"closed","sticky":false,"template":"","format":"standard","meta":{"footnotes":""},"categories":[167],"tags":[],"class_list":["post-23460","post","type-post","status-publish","format-standard","has-post-thumbnail","hentry","category-lnd-es"],"yoast_head":"<!-- This site is optimized with the Yoast SEO plugin v27.3 - https:\/\/yoast.com\/product\/yoast-seo-wordpress\/ -->\n<title>Venta de inmuebles en Les Corts<\/title>\n<meta name=\"robots\" content=\"index, follow, max-snippet:-1, max-image-preview:large, max-video-preview:-1\" \/>\n<link rel=\"canonical\" href=\"https:\/\/gilamargos.com\/es\/lnd-es\/venta-de-inmuebles-en-les-corts\" \/>\n<meta property=\"og:locale\" content=\"es_ES\" \/>\n<meta property=\"og:type\" content=\"article\" \/>\n<meta property=\"og:title\" content=\"Venta de inmuebles en Les Corts\" \/>\n<meta property=\"og:description\" content=\"Gil Amarg\u00f3s es una agencia experta en alquiler y venta de inmuebles en Les Corts. Si quieres vender un inmueble en Les Corts, no lo dudes, con Gil Amarg\u00f3s te ir\u00e1 mejor Te ofrecemos una experiencia de venta inteligente y diferenciada Si est\u00e1s buscando una forma f\u00e1cil, transparente, sencilla, acompa\u00f1ada y a tu medida para [&hellip;]\" \/>\n<meta property=\"og:url\" content=\"https:\/\/gilamargos.com\/es\/lnd-es\/venta-de-inmuebles-en-les-corts\" \/>\n<meta property=\"og:site_name\" content=\"Gil Amarg\u00f3s\" \/>\n<meta property=\"article:publisher\" content=\"https:\/\/www.facebook.com\/gilamargos\" \/>\n<meta property=\"article:published_time\" content=\"2024-06-19T09:03:09+00:00\" \/>\n<meta property=\"article:modified_time\" content=\"2024-07-04T11:23:51+00:00\" \/>\n<meta property=\"og:image\" content=\"https:\/\/gilamargos.com\/wp-content\/uploads\/2024\/06\/vender-piso-les-corts-barcelona-1024x683.webp\" \/>\n\t<meta property=\"og:image:width\" content=\"1024\" \/>\n\t<meta property=\"og:image:height\" content=\"683\" \/>\n\t<meta property=\"og:image:type\" content=\"image\/webp\" \/>\n<meta name=\"author\" content=\"gilamargos-master\" \/>\n<meta name=\"twitter:card\" content=\"summary_large_image\" \/>\n<meta name=\"twitter:label1\" content=\"Escrito por\" \/>\n\t<meta name=\"twitter:data1\" content=\"gilamargos-master\" \/>\n\t<meta name=\"twitter:label2\" content=\"Tiempo de lectura\" \/>\n\t<meta name=\"twitter:data2\" content=\"3 minutos\" \/>\n<script type=\"application\/ld+json\" class=\"yoast-schema-graph\">{\"@context\":\"https:\\\/\\\/schema.org\",\"@graph\":[{\"@type\":\"Article\",\"@id\":\"https:\\\/\\\/gilamargos.com\\\/es\\\/lnd-es\\\/venta-de-inmuebles-en-les-corts#article\",\"isPartOf\":{\"@id\":\"https:\\\/\\\/gilamargos.com\\\/es\\\/lnd-es\\\/venta-de-inmuebles-en-les-corts\"},\"author\":{\"name\":\"gilamargos-master\",\"@id\":\"https:\\\/\\\/gilamargos.com\\\/es#\\\/schema\\\/person\\\/3a4facbbf3c9fd19def3d0c0f5456192\"},\"headline\":\"Venta de inmuebles en Les Corts\",\"datePublished\":\"2024-06-19T09:03:09+00:00\",\"dateModified\":\"2024-07-04T11:23:51+00:00\",\"mainEntityOfPage\":{\"@id\":\"https:\\\/\\\/gilamargos.com\\\/es\\\/lnd-es\\\/venta-de-inmuebles-en-les-corts\"},\"wordCount\":403,\"publisher\":{\"@id\":\"https:\\\/\\\/gilamargos.com\\\/es#organization\"},\"image\":{\"@id\":\"https:\\\/\\\/gilamargos.com\\\/es\\\/lnd-es\\\/venta-de-inmuebles-en-les-corts#primaryimage\"},\"thumbnailUrl\":\"https:\\\/\\\/gilamargos.com\\\/wp-content\\\/uploads\\\/2024\\\/06\\\/vender-piso-les-corts-barcelona-scaled.webp\",\"articleSection\":[\"Landing\"],\"inLanguage\":\"es\"},{\"@type\":\"WebPage\",\"@id\":\"https:\\\/\\\/gilamargos.com\\\/es\\\/lnd-es\\\/venta-de-inmuebles-en-les-corts\",\"url\":\"https:\\\/\\\/gilamargos.com\\\/es\\\/lnd-es\\\/venta-de-inmuebles-en-les-corts\",\"name\":\"Venta de inmuebles en Les Corts\",\"isPartOf\":{\"@id\":\"https:\\\/\\\/gilamargos.com\\\/es#website\"},\"primaryImageOfPage\":{\"@id\":\"https:\\\/\\\/gilamargos.com\\\/es\\\/lnd-es\\\/venta-de-inmuebles-en-les-corts#primaryimage\"},\"image\":{\"@id\":\"https:\\\/\\\/gilamargos.com\\\/es\\\/lnd-es\\\/venta-de-inmuebles-en-les-corts#primaryimage\"},\"thumbnailUrl\":\"https:\\\/\\\/gilamargos.com\\\/wp-content\\\/uploads\\\/2024\\\/06\\\/vender-piso-les-corts-barcelona-scaled.webp\",\"datePublished\":\"2024-06-19T09:03:09+00:00\",\"dateModified\":\"2024-07-04T11:23:51+00:00\",\"breadcrumb\":{\"@id\":\"https:\\\/\\\/gilamargos.com\\\/es\\\/lnd-es\\\/venta-de-inmuebles-en-les-corts#breadcrumb\"},\"inLanguage\":\"es\",\"potentialAction\":[{\"@type\":\"ReadAction\",\"target\":[\"https:\\\/\\\/gilamargos.com\\\/es\\\/lnd-es\\\/venta-de-inmuebles-en-les-corts\"]}]},{\"@type\":\"ImageObject\",\"inLanguage\":\"es\",\"@id\":\"https:\\\/\\\/gilamargos.com\\\/es\\\/lnd-es\\\/venta-de-inmuebles-en-les-corts#primaryimage\",\"url\":\"https:\\\/\\\/gilamargos.com\\\/wp-content\\\/uploads\\\/2024\\\/06\\\/vender-piso-les-corts-barcelona-scaled.webp\",\"contentUrl\":\"https:\\\/\\\/gilamargos.com\\\/wp-content\\\/uploads\\\/2024\\\/06\\\/vender-piso-les-corts-barcelona-scaled.webp\",\"width\":2560,\"height\":1708,\"caption\":\"Venta de inmuebles en Les Corts\"},{\"@type\":\"BreadcrumbList\",\"@id\":\"https:\\\/\\\/gilamargos.com\\\/es\\\/lnd-es\\\/venta-de-inmuebles-en-les-corts#breadcrumb\",\"itemListElement\":[{\"@type\":\"ListItem\",\"position\":1,\"name\":\"Home\",\"item\":\"https:\\\/\\\/gilamargos.com\\\/es\"},{\"@type\":\"ListItem\",\"position\":2,\"name\":\"Venta de inmuebles en Les Corts\"}]},{\"@type\":\"WebSite\",\"@id\":\"https:\\\/\\\/gilamargos.com\\\/es#website\",\"url\":\"https:\\\/\\\/gilamargos.com\\\/es\",\"name\":\"Administradors Finques y Gestors Patrimoni Gil Amarg\u00f3s\",\"description\":\"\",\"publisher\":{\"@id\":\"https:\\\/\\\/gilamargos.com\\\/es#organization\"},\"potentialAction\":[{\"@type\":\"SearchAction\",\"target\":{\"@type\":\"EntryPoint\",\"urlTemplate\":\"https:\\\/\\\/gilamargos.com\\\/es?s={search_term_string}\"},\"query-input\":{\"@type\":\"PropertyValueSpecification\",\"valueRequired\":true,\"valueName\":\"search_term_string\"}}],\"inLanguage\":\"es\"},{\"@type\":\"Organization\",\"@id\":\"https:\\\/\\\/gilamargos.com\\\/es#organization\",\"name\":\"Gil Amarg\u00f3s\",\"url\":\"https:\\\/\\\/gilamargos.com\\\/es\",\"logo\":{\"@type\":\"ImageObject\",\"inLanguage\":\"es\",\"@id\":\"https:\\\/\\\/gilamargos.com\\\/es#\\\/schema\\\/logo\\\/image\\\/\",\"url\":\"https:\\\/\\\/gilamargos.com\\\/wp-content\\\/uploads\\\/2025\\\/07\\\/GIL_AMARGOS_color_ok_size.png\",\"contentUrl\":\"https:\\\/\\\/gilamargos.com\\\/wp-content\\\/uploads\\\/2025\\\/07\\\/GIL_AMARGOS_color_ok_size.png\",\"width\":240,\"height\":60,\"caption\":\"Gil Amarg\u00f3s\"},\"image\":{\"@id\":\"https:\\\/\\\/gilamargos.com\\\/es#\\\/schema\\\/logo\\\/image\\\/\"},\"sameAs\":[\"https:\\\/\\\/www.facebook.com\\\/gilamargos\",\"https:\\\/\\\/www.linkedin.com\\\/company\\\/gil-amargs\\\/?originalSubdomain=es\",\"https:\\\/\\\/www.instagram.com\\\/gilamargos\\\/\"]},{\"@type\":\"Person\",\"@id\":\"https:\\\/\\\/gilamargos.com\\\/es#\\\/schema\\\/person\\\/3a4facbbf3c9fd19def3d0c0f5456192\",\"name\":\"gilamargos-master\",\"image\":{\"@type\":\"ImageObject\",\"inLanguage\":\"es\",\"@id\":\"https:\\\/\\\/secure.gravatar.com\\\/avatar\\\/4824348b2215d6e40d2cb7a9d9877e09761e83be8386974f11ceb7cfa70753d9?s=96&d=mm&r=g\",\"url\":\"https:\\\/\\\/secure.gravatar.com\\\/avatar\\\/4824348b2215d6e40d2cb7a9d9877e09761e83be8386974f11ceb7cfa70753d9?s=96&d=mm&r=g\",\"contentUrl\":\"https:\\\/\\\/secure.gravatar.com\\\/avatar\\\/4824348b2215d6e40d2cb7a9d9877e09761e83be8386974f11ceb7cfa70753d9?s=96&d=mm&r=g\",\"caption\":\"gilamargos-master\"},\"sameAs\":[\"http:\\\/\\\/gilamargos.com\"]}]}<\/script>\n<!-- \/ Yoast SEO plugin. -->","yoast_head_json":{"title":"Venta de inmuebles en Les Corts","robots":{"index":"index","follow":"follow","max-snippet":"max-snippet:-1","max-image-preview":"max-image-preview:large","max-video-preview":"max-video-preview:-1"},"canonical":"https:\/\/gilamargos.com\/es\/lnd-es\/venta-de-inmuebles-en-les-corts","og_locale":"es_ES","og_type":"article","og_title":"Venta de inmuebles en Les Corts","og_description":"Gil Amarg\u00f3s es una agencia experta en alquiler y venta de inmuebles en Les Corts. Si quieres vender un inmueble en Les Corts, no lo dudes, con Gil Amarg\u00f3s te ir\u00e1 mejor Te ofrecemos una experiencia de venta inteligente y diferenciada Si est\u00e1s buscando una forma f\u00e1cil, transparente, sencilla, acompa\u00f1ada y a tu medida para [&hellip;]","og_url":"https:\/\/gilamargos.com\/es\/lnd-es\/venta-de-inmuebles-en-les-corts","og_site_name":"Gil Amarg\u00f3s","article_publisher":"https:\/\/www.facebook.com\/gilamargos","article_published_time":"2024-06-19T09:03:09+00:00","article_modified_time":"2024-07-04T11:23:51+00:00","og_image":[{"width":1024,"height":683,"url":"https:\/\/gilamargos.com\/wp-content\/uploads\/2024\/06\/vender-piso-les-corts-barcelona-1024x683.webp","type":"image\/webp"}],"author":"gilamargos-master","twitter_card":"summary_large_image","twitter_misc":{"Escrito por":"gilamargos-master","Tiempo de lectura":"3 minutos"},"schema":{"@context":"https:\/\/schema.org","@graph":[{"@type":"Article","@id":"https:\/\/gilamargos.com\/es\/lnd-es\/venta-de-inmuebles-en-les-corts#article","isPartOf":{"@id":"https:\/\/gilamargos.com\/es\/lnd-es\/venta-de-inmuebles-en-les-corts"},"author":{"name":"gilamargos-master","@id":"https:\/\/gilamargos.com\/es#\/schema\/person\/3a4facbbf3c9fd19def3d0c0f5456192"},"headline":"Venta de inmuebles en Les Corts","datePublished":"2024-06-19T09:03:09+00:00","dateModified":"2024-07-04T11:23:51+00:00","mainEntityOfPage":{"@id":"https:\/\/gilamargos.com\/es\/lnd-es\/venta-de-inmuebles-en-les-corts"},"wordCount":403,"publisher":{"@id":"https:\/\/gilamargos.com\/es#organization"},"image":{"@id":"https:\/\/gilamargos.com\/es\/lnd-es\/venta-de-inmuebles-en-les-corts#primaryimage"},"thumbnailUrl":"https:\/\/gilamargos.com\/wp-content\/uploads\/2024\/06\/vender-piso-les-corts-barcelona-scaled.webp","articleSection":["Landing"],"inLanguage":"es"},{"@type":"WebPage","@id":"https:\/\/gilamargos.com\/es\/lnd-es\/venta-de-inmuebles-en-les-corts","url":"https:\/\/gilamargos.com\/es\/lnd-es\/venta-de-inmuebles-en-les-corts","name":"Venta de inmuebles en Les Corts","isPartOf":{"@id":"https:\/\/gilamargos.com\/es#website"},"primaryImageOfPage":{"@id":"https:\/\/gilamargos.com\/es\/lnd-es\/venta-de-inmuebles-en-les-corts#primaryimage"},"image":{"@id":"https:\/\/gilamargos.com\/es\/lnd-es\/venta-de-inmuebles-en-les-corts#primaryimage"},"thumbnailUrl":"https:\/\/gilamargos.com\/wp-content\/uploads\/2024\/06\/vender-piso-les-corts-barcelona-scaled.webp","datePublished":"2024-06-19T09:03:09+00:00","dateModified":"2024-07-04T11:23:51+00:00","breadcrumb":{"@id":"https:\/\/gilamargos.com\/es\/lnd-es\/venta-de-inmuebles-en-les-corts#breadcrumb"},"inLanguage":"es","potentialAction":[{"@type":"ReadAction","target":["https:\/\/gilamargos.com\/es\/lnd-es\/venta-de-inmuebles-en-les-corts"]}]},{"@type":"ImageObject","inLanguage":"es","@id":"https:\/\/gilamargos.com\/es\/lnd-es\/venta-de-inmuebles-en-les-corts#primaryimage","url":"https:\/\/gilamargos.com\/wp-content\/uploads\/2024\/06\/vender-piso-les-corts-barcelona-scaled.webp","contentUrl":"https:\/\/gilamargos.com\/wp-content\/uploads\/2024\/06\/vender-piso-les-corts-barcelona-scaled.webp","width":2560,"height":1708,"caption":"Venta de inmuebles en Les Corts"},{"@type":"BreadcrumbList","@id":"https:\/\/gilamargos.com\/es\/lnd-es\/venta-de-inmuebles-en-les-corts#breadcrumb","itemListElement":[{"@type":"ListItem","position":1,"name":"Home","item":"https:\/\/gilamargos.com\/es"},{"@type":"ListItem","position":2,"name":"Venta de inmuebles en Les Corts"}]},{"@type":"WebSite","@id":"https:\/\/gilamargos.com\/es#website","url":"https:\/\/gilamargos.com\/es","name":"Administradors Finques y Gestors Patrimoni Gil Amarg\u00f3s","description":"","publisher":{"@id":"https:\/\/gilamargos.com\/es#organization"},"potentialAction":[{"@type":"SearchAction","target":{"@type":"EntryPoint","urlTemplate":"https:\/\/gilamargos.com\/es?s={search_term_string}"},"query-input":{"@type":"PropertyValueSpecification","valueRequired":true,"valueName":"search_term_string"}}],"inLanguage":"es"},{"@type":"Organization","@id":"https:\/\/gilamargos.com\/es#organization","name":"Gil Amarg\u00f3s","url":"https:\/\/gilamargos.com\/es","logo":{"@type":"ImageObject","inLanguage":"es","@id":"https:\/\/gilamargos.com\/es#\/schema\/logo\/image\/","url":"https:\/\/gilamargos.com\/wp-content\/uploads\/2025\/07\/GIL_AMARGOS_color_ok_size.png","contentUrl":"https:\/\/gilamargos.com\/wp-content\/uploads\/2025\/07\/GIL_AMARGOS_color_ok_size.png","width":240,"height":60,"caption":"Gil Amarg\u00f3s"},"image":{"@id":"https:\/\/gilamargos.com\/es#\/schema\/logo\/image\/"},"sameAs":["https:\/\/www.facebook.com\/gilamargos","https:\/\/www.linkedin.com\/company\/gil-amargs\/?originalSubdomain=es","https:\/\/www.instagram.com\/gilamargos\/"]},{"@type":"Person","@id":"https:\/\/gilamargos.com\/es#\/schema\/person\/3a4facbbf3c9fd19def3d0c0f5456192","name":"gilamargos-master","image":{"@type":"ImageObject","inLanguage":"es","@id":"https:\/\/secure.gravatar.com\/avatar\/4824348b2215d6e40d2cb7a9d9877e09761e83be8386974f11ceb7cfa70753d9?s=96&d=mm&r=g","url":"https:\/\/secure.gravatar.com\/avatar\/4824348b2215d6e40d2cb7a9d9877e09761e83be8386974f11ceb7cfa70753d9?s=96&d=mm&r=g","contentUrl":"https:\/\/secure.gravatar.com\/avatar\/4824348b2215d6e40d2cb7a9d9877e09761e83be8386974f11ceb7cfa70753d9?s=96&d=mm&r=g","caption":"gilamargos-master"},"sameAs":["http:\/\/gilamargos.com"]}]}},"_links":{"self":[{"href":"https:\/\/gilamargos.com\/es\/wp-json\/wp\/v2\/posts\/23460","targetHints":{"allow":["GET"]}}],"collection":[{"href":"https:\/\/gilamargos.com\/es\/wp-json\/wp\/v2\/posts"}],"about":[{"href":"https:\/\/gilamargos.com\/es\/wp-json\/wp\/v2\/types\/post"}],"author":[{"embeddable":true,"href":"https:\/\/gilamargos.com\/es\/wp-json\/wp\/v2\/users\/1"}],"replies":[{"embeddable":true,"href":"https:\/\/gilamargos.com\/es\/wp-json\/wp\/v2\/comments?post=23460"}],"version-history":[{"count":21,"href":"https:\/\/gilamargos.com\/es\/wp-json\/wp\/v2\/posts\/23460\/revisions"}],"predecessor-version":[{"id":23535,"href":"https:\/\/gilamargos.com\/es\/wp-json\/wp\/v2\/posts\/23460\/revisions\/23535"}],"wp:featuredmedia":[{"embeddable":true,"href":"https:\/\/gilamargos.com\/es\/wp-json\/wp\/v2\/media\/23462"}],"wp:attachment":[{"href":"https:\/\/gilamargos.com\/es\/wp-json\/wp\/v2\/media?parent=23460"}],"wp:term":[{"taxonomy":"category","embeddable":true,"href":"https:\/\/gilamargos.com\/es\/wp-json\/wp\/v2\/categories?post=23460"},{"taxonomy":"post_tag","embeddable":true,"href":"https:\/\/gilamargos.com\/es\/wp-json\/wp\/v2\/tags?post=23460"}],"curies":[{"name":"wp","href":"https:\/\/api.w.org\/{rel}","templated":true}]}}