{"id":23423,"date":"2024-06-19T08:20:03","date_gmt":"2024-06-19T08:20:03","guid":{"rendered":"https:\/\/gilamargos.com\/?p=23423"},"modified":"2024-06-19T09:21:31","modified_gmt":"2024-06-19T09:21:31","slug":"inmobiliaria-les-corts-barcelona","status":"publish","type":"post","link":"https:\/\/gilamargos.com\/es\/lnd-es\/inmobiliaria-les-corts-barcelona","title":{"rendered":"Inmobiliaria Les Corts Barcelona"},"content":{"rendered":"\t\t<div data-elementor-type=\"wp-post\" data-elementor-id=\"23423\" class=\"elementor elementor-23423\" data-elementor-post-type=\"post\">\n\t\t\t\t\t\t<section class=\"elementor-section elementor-top-section elementor-element elementor-element-11ef174 elementor-section-boxed elementor-section-height-default elementor-section-height-default\" data-id=\"11ef174\" data-element_type=\"section\" data-e-type=\"section\">\n\t\t\t\t\t\t<div class=\"elementor-container elementor-column-gap-default\">\n\t\t\t\t\t<div class=\"elementor-column elementor-col-100 elementor-top-column elementor-element elementor-element-4c9c3c0\" data-id=\"4c9c3c0\" data-element_type=\"column\" data-e-type=\"column\">\n\t\t\t<div class=\"elementor-widget-wrap elementor-element-populated\">\n\t\t\t\t\t\t<div class=\"elementor-element elementor-element-6884d11 elementor-widget elementor-widget-text-editor\" data-id=\"6884d11\" data-element_type=\"widget\" data-e-type=\"widget\" data-widget_type=\"text-editor.default\">\n\t\t\t\t<div class=\"elementor-widget-container\">\n\t\t\t\t\t\t\t\t\t<p><strong>Gil Amarg\u00f3s, la inmobiliaria de referencia de Les Corts de Barcelona<\/strong><\/p><p><strong>Estamos en la Travessera de los Corts, 304<\/strong><\/p><p><strong>Si est\u00e1s buscando una inmobiliaria de confianza en el barrio de Les Corts, puedes contar con Gil Amarg\u00f3s. Porque somos todo lo que es importante: proximidad, experiencia, profesionalidad y atenci\u00f3n personalizada. Gil Amarg\u00f3s, adem\u00e1s, somos gente de barrio y nos gusta estar cerca de las personas, porque sabemos que tratamos con lo m\u00e1s preciado de cada uno. Por eso, en nuestra oficina de la Travessera de les Corts, encontrar\u00e1s todo lo que necesitas saber sobre el mercado inmobiliario en el barrio de Les Corts de Barcelona.<\/strong><\/p><figure id=\"attachment_23427\" aria-describedby=\"caption-attachment-23427\" style=\"width: 1024px\" class=\"wp-caption alignnone\"><img loading=\"lazy\" decoding=\"async\" class=\"size-large wp-image-23427\" src=\"https:\/\/gilamargos.com\/wp-content\/uploads\/2024\/06\/inmobiliaria-les-corts_ok-1024x682.jpg\" alt=\"inmobiliaria les corts\" width=\"1024\" height=\"682\" srcset=\"https:\/\/gilamargos.com\/wp-content\/uploads\/2024\/06\/inmobiliaria-les-corts_ok-1024x682.jpg 1024w, https:\/\/gilamargos.com\/wp-content\/uploads\/2024\/06\/inmobiliaria-les-corts_ok-300x200.jpg 300w, https:\/\/gilamargos.com\/wp-content\/uploads\/2024\/06\/inmobiliaria-les-corts_ok-768x512.jpg 768w, https:\/\/gilamargos.com\/wp-content\/uploads\/2024\/06\/inmobiliaria-les-corts_ok-900x600.jpg 900w, https:\/\/gilamargos.com\/wp-content\/uploads\/2024\/06\/inmobiliaria-les-corts_ok-496x331.jpg 496w, https:\/\/gilamargos.com\/wp-content\/uploads\/2024\/06\/inmobiliaria-les-corts_ok.jpg 1280w\" sizes=\"auto, (max-width: 1024px) 100vw, 1024px\" \/><figcaption id=\"caption-attachment-23427\" class=\"wp-caption-text\">Inmobiliaria Les corts Barcelona, Gil Amarg\u00f3s<\/figcaption><\/figure><p><strong>Inmobiliaria Les corts Barcelona, t\u00fa pide, nosotros respondemos<\/strong><\/p><p>Gil Amarg\u00f3s es sin\u00f3nimo de gesti\u00f3n inmobiliaria integral y de confianza. Estaremos a tu lado para todas las operaciones y siempre pensando y defendiendo tus intereses. Nos avala la experiencia pero, ante todo, nos avala la satisfacci\u00f3n de los clientes que ya han confiado en nosotros. Desde la <strong>compraventa<\/strong>, pasando por la gesti\u00f3n de <strong>comunidades<\/strong> y la gesti\u00f3n de <strong>patrimonios inmobiliarios<\/strong> y alquileres, nuestros agentes te atender\u00e1n de forma particular y personalizada. Pondremos a tu servicio una nueva forma de entender los procesos inmobiliarios.<\/p><p><strong>Venta de inmuebles<\/strong><\/p><p>Te presentamos el i-Experience, una nueva forma de entender el proceso de venta de una propiedad. Se trata de un proceso personalizado, por medio de una experiencia inteligente y diferenciada.<\/p><p>En Gil Amarg\u00f3s te ofrecemos todo el abanico completo de servicios profesionales de compra-venta que puedes necesitar, pero t\u00fa decides si lo quieres todo, o s\u00f3lo una parte. Una f\u00f3rmula f\u00e1cil y eficaz que se adaptar\u00e1 como un guante a tu disponibilidad de tiempo, capacidad profesional o grado de implicaci\u00f3n que est\u00e9s dispuesto a asumir.<\/p><p><strong>Gesti\u00f3n de comunidades<\/strong><\/p><p>Somos expertos en la gesti\u00f3n de comunidades de propietarios, con un servicio de administraci\u00f3n cercano y familiar.<\/p><ul><li>Gesti\u00f3n econ\u00f3mica enfocada al ahorro y la efectividad.<\/li><li>Gesti\u00f3n legal, fiscal y laboral, para cumplir con las normativas vigentes en todo momento.<\/li><li>Gesti\u00f3n de obras y rehabilitaci\u00f3n del edificio de forma proactiva, anticip\u00e1ndonos a los problemas.<\/li><li>Gesti\u00f3n de aver\u00edas, reparaciones y siniestros, con la m\u00e1xima agilidad y eficiencia.<\/li><li>Gesti\u00f3n de los mantenimientos del inmueble, garantizando los servicios que realmente necesita el inmueble.<\/li><li>Comunicaci\u00f3n fluida con todos los clientes, tanto presencial como virtual, somos accesibles a nuestros propietarios en todo momento.<\/li><\/ul><p><strong>Gesti\u00f3n patrimonial<\/strong><\/p><p>Gestionamos el patrimonio de nuestros clientes como si fuera nuestro. Seguimiento diario, atenci\u00f3n y acompa\u00f1amiento en todo lo que pueda surgir para sacar el mejor rendimiento de sus activos.<\/p><p>En Gil Amarg\u00f3s nos gusta estar a tu servicio en todo lo que se relaciona con una gesti\u00f3n impecable de su alquiler. Tambi\u00e9n somos expertos en sacar el m\u00e1ximo provecho de su patrimonio inmobiliario.<\/p><p><strong>En la oficina de Gil Amarg\u00f3s la Travessera de les Corts, seguro que har\u00e1s un buen negocio. Con nosotros tendr\u00e1s el barrio de Les Corts a tu alcance. Te esperamos en nuestras oficinas de la Travessera de les Corts, 304.<\/strong><\/p><p><strong>Tambi\u00e9n tienes una oficina Gil Amarg\u00f3s en la calle Comte Urgell, 46.<\/strong><\/p><p><strong>Preg\u00fantanos todo lo que quieras saber, te responderemos:<\/strong><\/p><p><strong>\u00a0<\/strong><\/p>\t\t\t\t\t\t\t\t<\/div>\n\t\t\t\t<\/div>\n\t\t\t\t\t<\/div>\n\t\t<\/div>\n\t\t\t\t\t<\/div>\n\t\t<\/section>\n\t\t\t\t<section class=\"elementor-section elementor-top-section elementor-element elementor-element-ef4499c elementor-section-content-top animated-slow elementor-section-boxed elementor-section-height-default elementor-section-height-default elementor-invisible\" data-id=\"ef4499c\" data-element_type=\"section\" data-e-type=\"section\" data-settings=\"{&quot;animation&quot;:&quot;fadeIn&quot;}\">\n\t\t\t\t\t\t<div class=\"elementor-container elementor-column-gap-default\">\n\t\t\t\t\t<div class=\"elementor-column elementor-col-100 elementor-top-column elementor-element elementor-element-63f00aa\" data-id=\"63f00aa\" data-element_type=\"column\" data-e-type=\"column\" data-settings=\"{&quot;background_background&quot;:&quot;classic&quot;}\">\n\t\t\t<div class=\"elementor-widget-wrap elementor-element-populated\">\n\t\t\t\t\t\t<div class=\"elementor-element elementor-element-fa2716e elementor-widget elementor-widget-houzez_elementor_space\" data-id=\"fa2716e\" data-element_type=\"widget\" data-e-type=\"widget\" data-widget_type=\"houzez_elementor_space.default\">\n\t\t\t\t<div class=\"elementor-widget-container\">\n\t\t\t\t\t        <div class=\"houzez-spacer\">\n            <div class=\"houzez-spacer-inner\"><\/div>\n        <\/div>\n        \t\t\t\t<\/div>\n\t\t\t\t<\/div>\n\t\t\t\t<div class=\"elementor-element elementor-element-00b73f3 elementor-button-align-stretch elementor-widget elementor-widget-houzez_elementor_contact_form\" data-id=\"00b73f3\" data-element_type=\"widget\" data-e-type=\"widget\" data-widget_type=\"houzez_elementor_contact_form.default\">\n\t\t\t\t<div class=\"elementor-widget-container\">\n\t\t\t\t\t\n        <script type=\"application\/javascript\">\n            jQuery(document).bind(\"ready\", function () {\n                houzezValidateElementor(\"#houzez-form-00b73f3\" );\n            });\n        <\/script>\n\n        <form class=\"elementor-form houzez-ele-form-js\" id=\"houzez-form-00b73f3\" method=\"post\" name=\"Formulario\" action=\"https:\/\/gilamargos.com\/wp-admin\/admin-ajax.php\">\n            <input type=\"hidden\" name=\"form_id\" value=\"00b73f3\"\/>\n            <input type=\"hidden\" name=\"houzez_contact_form\" value=\"yes\"\/>\n            <input type=\"hidden\" name=\"action\" value=\"houzez_ele_contact_form\" \/>\n            <input type=\"hidden\" name=\"source_link\" value=\"https:\/\/gilamargos.com\/es\/lnd-es\/inmobiliaria-les-corts-barcelona\" \/>\n            <input type=\"hidden\" name=\"lead_page_id\" value=\"23423\" \/>\n            <input type=\"hidden\" name=\"webhook\" value=\"false\" \/>\n            <input type=\"hidden\" name=\"webhook_url\" value=\"\" \/>\n            <input type=\"hidden\" name=\"redirect_to\" value=\"\" \/>\n            <input type=\"hidden\" name=\"google_recaptcha\" value=\"false\" \/>\n            \n\n            <div class=\"elementor-form-fields-wrapper elementor-labels-above\">\n\n                                    <div class=\"elementor-field-group elementor-column form-group elementor-field-group-name elementor-col-50 elementor-field-required elementor-mark-required\">\n                    <label for=\"form-field-name\" class=\"form-label elementor-field-label\">Nombre<\/label><input type=\"text\" name=\"first_name\" id=\"form-field-name\" class=\"elementor-field form-control elementor-size-sm elementor-field-textual\" placeholder=\"Nombre\" title=\"* Nombre\" required=\"required\">                    <\/div>\n\n                                        <div class=\"elementor-field-group elementor-column form-group elementor-field-group-bf18955 elementor-col-50 elementor-field-required elementor-mark-required\">\n                    <label for=\"form-field-bf18955\" class=\"form-label elementor-field-label\">Apellidos<\/label><input type=\"text\" name=\"last_name\" id=\"form-field-bf18955\" class=\"elementor-field form-control elementor-size-sm elementor-field-textual\" placeholder=\"Apellidos\" title=\"* Apellidos\" required=\"required\">                    <\/div>\n\n                                        <div class=\"elementor-field-group elementor-column form-group elementor-field-group-email elementor-col-100 elementor-field-required elementor-mark-required\">\n                    <label for=\"form-field-email\" class=\"form-label elementor-field-label\">Email<\/label><input type=\"email\" name=\"email\" id=\"form-field-email\" class=\"elementor-field form-control elementor-size-sm elementor-field-textual\" placeholder=\"Email\" title=\"* Email\" required=\"required\">                    <\/div>\n\n                                        <div class=\"elementor-field-group elementor-column form-group elementor-field-group-message elementor-col-100 elementor-field-required elementor-mark-required\">\n                    <label for=\"form-field-message\" class=\"form-label elementor-field-label\">Mensaje<\/label><textarea class=\"elementor-field-textual elementor-field elementor-size-sm\" name=\"message\" id=\"form-field-message\" rows=\"4\" placeholder=\"Mensaje\" required=\"required\" title=\"* Mensaje\"><\/textarea>                    <\/div>\n\n                    \n                    \n                    \n                    \n                    <div class=\"elementor-field-group elementor-column elementor-field-type-submit elementor-col-100\">\n                    <button type=\"submit\" class=\"houzez-submit-button houzez-contact-form-js elementor-button elementor-size-sm\">\n                        <i class=\"houzez-loader-js houzez-hidden spinner-border spinner-border-sm\"><\/i>\n                                                    Enviar                                            <\/button>\n                <\/div>\n            <\/div><!-- End wrapper-->\n            <br\/>\n            <div class=\"ele-form-messages\"><\/div>\n            <div class=\"error-container\"><\/div>\n\n        <\/form>\n\n    \t\t\t\t<\/div>\n\t\t\t\t<\/div>\n\t\t\t\t\t<\/div>\n\t\t<\/div>\n\t\t\t\t\t<\/div>\n\t\t<\/section>\n\t\t\t\t<section class=\"elementor-section elementor-top-section elementor-element elementor-element-b9665a2 elementor-section-boxed elementor-section-height-default elementor-section-height-default\" data-id=\"b9665a2\" data-element_type=\"section\" data-e-type=\"section\">\n\t\t\t\t\t\t<div class=\"elementor-container elementor-column-gap-default\">\n\t\t\t\t\t<div class=\"elementor-column elementor-col-100 elementor-top-column elementor-element elementor-element-9e0b433\" data-id=\"9e0b433\" data-element_type=\"column\" data-e-type=\"column\">\n\t\t\t<div class=\"elementor-widget-wrap elementor-element-populated\">\n\t\t\t\t\t\t<div class=\"elementor-element elementor-element-2525aba elementor-widget elementor-widget-text-editor\" data-id=\"2525aba\" data-element_type=\"widget\" data-e-type=\"widget\" data-widget_type=\"text-editor.default\">\n\t\t\t\t<div class=\"elementor-widget-container\">\n\t\t\t\t\t\t\t\t\t<p><span style=\"font-weight: 600;\">M\u00e1s de 50 a\u00f1os ofreciendo servicios inmobiliarios en el barrio de Les Corts , cercanos, integrales y ajustados a cada necesidad.<\/span><\/p><figure id=\"attachment_22270\" aria-describedby=\"caption-attachment-22270\" style=\"width: 1024px\" class=\"wp-caption alignnone\"><img loading=\"lazy\" decoding=\"async\" class=\"size-large wp-image-22270\" src=\"https:\/\/gilamargos.com\/wp-content\/uploads\/2024\/02\/Serveis-immobiliaris-a-Barcelona-1024x682.jpg\" alt=\"Serveis immobiliaris a Barcelona\" width=\"1024\" height=\"682\" srcset=\"https:\/\/gilamargos.com\/wp-content\/uploads\/2024\/02\/Serveis-immobiliaris-a-Barcelona-1024x682.jpg 1024w, https:\/\/gilamargos.com\/wp-content\/uploads\/2024\/02\/Serveis-immobiliaris-a-Barcelona-300x200.jpg 300w, https:\/\/gilamargos.com\/wp-content\/uploads\/2024\/02\/Serveis-immobiliaris-a-Barcelona-768x512.jpg 768w, https:\/\/gilamargos.com\/wp-content\/uploads\/2024\/02\/Serveis-immobiliaris-a-Barcelona-900x600.jpg 900w, https:\/\/gilamargos.com\/wp-content\/uploads\/2024\/02\/Serveis-immobiliaris-a-Barcelona-496x331.jpg 496w, https:\/\/gilamargos.com\/wp-content\/uploads\/2024\/02\/Serveis-immobiliaris-a-Barcelona.jpg 1280w\" sizes=\"auto, (max-width: 1024px) 100vw, 1024px\" \/><figcaption id=\"caption-attachment-22270\" class=\"wp-caption-text\">Serveis immobiliaris a Les Corts\u00a0<\/figcaption><\/figure>\t\t\t\t\t\t\t\t<\/div>\n\t\t\t\t<\/div>\n\t\t\t\t\t<\/div>\n\t\t<\/div>\n\t\t\t\t\t<\/div>\n\t\t<\/section>\n\t\t\t\t<\/div>\n\t\t","protected":false},"excerpt":{"rendered":"<p>Gil Amarg\u00f3s, la inmobiliaria de referencia de Les Corts de Barcelona Estamos en la Travessera de los Corts, 304 Si est\u00e1s buscando una inmobiliaria de confianza en el barrio de Les Corts, puedes contar con Gil Amarg\u00f3s. Porque somos todo lo que es importante: proximidad, experiencia, profesionalidad y atenci\u00f3n personalizada. Gil Amarg\u00f3s, adem\u00e1s, somos gente [&hellip;]<\/p>\n","protected":false},"author":1,"featured_media":23427,"comment_status":"closed","ping_status":"closed","sticky":false,"template":"","format":"standard","meta":{"footnotes":""},"categories":[167],"tags":[],"class_list":["post-23423","post","type-post","status-publish","format-standard","has-post-thumbnail","hentry","category-lnd-es"],"yoast_head":"<!-- This site is optimized with the Yoast SEO plugin v27.3 - https:\/\/yoast.com\/product\/yoast-seo-wordpress\/ -->\n<title>Inmobiliaria Les Corts Barcelona<\/title>\n<meta name=\"robots\" content=\"index, follow, max-snippet:-1, max-image-preview:large, max-video-preview:-1\" \/>\n<link rel=\"canonical\" href=\"https:\/\/gilamargos.com\/es\/lnd-es\/inmobiliaria-les-corts-barcelona\" \/>\n<meta property=\"og:locale\" content=\"es_ES\" \/>\n<meta property=\"og:type\" content=\"article\" \/>\n<meta property=\"og:title\" content=\"Inmobiliaria Les Corts Barcelona\" \/>\n<meta property=\"og:description\" content=\"Gil Amarg\u00f3s, la inmobiliaria de referencia de Les Corts de Barcelona Estamos en la Travessera de los Corts, 304 Si est\u00e1s buscando una inmobiliaria de confianza en el barrio de Les Corts, puedes contar con Gil Amarg\u00f3s. Porque somos todo lo que es importante: proximidad, experiencia, profesionalidad y atenci\u00f3n personalizada. Gil Amarg\u00f3s, adem\u00e1s, somos gente [&hellip;]\" \/>\n<meta property=\"og:url\" content=\"https:\/\/gilamargos.com\/es\/lnd-es\/inmobiliaria-les-corts-barcelona\" \/>\n<meta property=\"og:site_name\" content=\"Gil Amarg\u00f3s\" \/>\n<meta property=\"article:publisher\" content=\"https:\/\/www.facebook.com\/gilamargos\" \/>\n<meta property=\"article:published_time\" content=\"2024-06-19T08:20:03+00:00\" \/>\n<meta property=\"article:modified_time\" content=\"2024-06-19T09:21:31+00:00\" \/>\n<meta property=\"og:image\" content=\"https:\/\/gilamargos.com\/wp-content\/uploads\/2024\/06\/inmobiliaria-les-corts_ok.jpg\" \/>\n\t<meta property=\"og:image:width\" content=\"1280\" \/>\n\t<meta property=\"og:image:height\" content=\"853\" \/>\n\t<meta property=\"og:image:type\" content=\"image\/jpeg\" \/>\n<meta name=\"author\" content=\"gilamargos-master\" \/>\n<meta name=\"twitter:card\" content=\"summary_large_image\" \/>\n<meta name=\"twitter:label1\" content=\"Escrito por\" \/>\n\t<meta name=\"twitter:data1\" content=\"gilamargos-master\" \/>\n\t<meta name=\"twitter:label2\" content=\"Tiempo de lectura\" \/>\n\t<meta name=\"twitter:data2\" content=\"3 minutos\" \/>\n<script type=\"application\/ld+json\" class=\"yoast-schema-graph\">{\"@context\":\"https:\\\/\\\/schema.org\",\"@graph\":[{\"@type\":\"Article\",\"@id\":\"https:\\\/\\\/gilamargos.com\\\/es\\\/lnd-es\\\/inmobiliaria-les-corts-barcelona#article\",\"isPartOf\":{\"@id\":\"https:\\\/\\\/gilamargos.com\\\/es\\\/lnd-es\\\/inmobiliaria-les-corts-barcelona\"},\"author\":{\"name\":\"gilamargos-master\",\"@id\":\"https:\\\/\\\/gilamargos.com\\\/es#\\\/schema\\\/person\\\/3a4facbbf3c9fd19def3d0c0f5456192\"},\"headline\":\"Inmobiliaria Les Corts Barcelona\",\"datePublished\":\"2024-06-19T08:20:03+00:00\",\"dateModified\":\"2024-06-19T09:21:31+00:00\",\"mainEntityOfPage\":{\"@id\":\"https:\\\/\\\/gilamargos.com\\\/es\\\/lnd-es\\\/inmobiliaria-les-corts-barcelona\"},\"wordCount\":611,\"publisher\":{\"@id\":\"https:\\\/\\\/gilamargos.com\\\/es#organization\"},\"image\":{\"@id\":\"https:\\\/\\\/gilamargos.com\\\/es\\\/lnd-es\\\/inmobiliaria-les-corts-barcelona#primaryimage\"},\"thumbnailUrl\":\"https:\\\/\\\/gilamargos.com\\\/wp-content\\\/uploads\\\/2024\\\/06\\\/inmobiliaria-les-corts_ok.jpg\",\"articleSection\":[\"Landing\"],\"inLanguage\":\"es\"},{\"@type\":\"WebPage\",\"@id\":\"https:\\\/\\\/gilamargos.com\\\/es\\\/lnd-es\\\/inmobiliaria-les-corts-barcelona\",\"url\":\"https:\\\/\\\/gilamargos.com\\\/es\\\/lnd-es\\\/inmobiliaria-les-corts-barcelona\",\"name\":\"Inmobiliaria Les Corts Barcelona\",\"isPartOf\":{\"@id\":\"https:\\\/\\\/gilamargos.com\\\/es#website\"},\"primaryImageOfPage\":{\"@id\":\"https:\\\/\\\/gilamargos.com\\\/es\\\/lnd-es\\\/inmobiliaria-les-corts-barcelona#primaryimage\"},\"image\":{\"@id\":\"https:\\\/\\\/gilamargos.com\\\/es\\\/lnd-es\\\/inmobiliaria-les-corts-barcelona#primaryimage\"},\"thumbnailUrl\":\"https:\\\/\\\/gilamargos.com\\\/wp-content\\\/uploads\\\/2024\\\/06\\\/inmobiliaria-les-corts_ok.jpg\",\"datePublished\":\"2024-06-19T08:20:03+00:00\",\"dateModified\":\"2024-06-19T09:21:31+00:00\",\"breadcrumb\":{\"@id\":\"https:\\\/\\\/gilamargos.com\\\/es\\\/lnd-es\\\/inmobiliaria-les-corts-barcelona#breadcrumb\"},\"inLanguage\":\"es\",\"potentialAction\":[{\"@type\":\"ReadAction\",\"target\":[\"https:\\\/\\\/gilamargos.com\\\/es\\\/lnd-es\\\/inmobiliaria-les-corts-barcelona\"]}]},{\"@type\":\"ImageObject\",\"inLanguage\":\"es\",\"@id\":\"https:\\\/\\\/gilamargos.com\\\/es\\\/lnd-es\\\/inmobiliaria-les-corts-barcelona#primaryimage\",\"url\":\"https:\\\/\\\/gilamargos.com\\\/wp-content\\\/uploads\\\/2024\\\/06\\\/inmobiliaria-les-corts_ok.jpg\",\"contentUrl\":\"https:\\\/\\\/gilamargos.com\\\/wp-content\\\/uploads\\\/2024\\\/06\\\/inmobiliaria-les-corts_ok.jpg\",\"width\":1280,\"height\":853,\"caption\":\"inmobiliaria les corts\"},{\"@type\":\"BreadcrumbList\",\"@id\":\"https:\\\/\\\/gilamargos.com\\\/es\\\/lnd-es\\\/inmobiliaria-les-corts-barcelona#breadcrumb\",\"itemListElement\":[{\"@type\":\"ListItem\",\"position\":1,\"name\":\"Home\",\"item\":\"https:\\\/\\\/gilamargos.com\\\/es\"},{\"@type\":\"ListItem\",\"position\":2,\"name\":\"Inmobiliaria Les Corts Barcelona\"}]},{\"@type\":\"WebSite\",\"@id\":\"https:\\\/\\\/gilamargos.com\\\/es#website\",\"url\":\"https:\\\/\\\/gilamargos.com\\\/es\",\"name\":\"Administradors Finques y Gestors Patrimoni Gil Amarg\u00f3s\",\"description\":\"\",\"publisher\":{\"@id\":\"https:\\\/\\\/gilamargos.com\\\/es#organization\"},\"potentialAction\":[{\"@type\":\"SearchAction\",\"target\":{\"@type\":\"EntryPoint\",\"urlTemplate\":\"https:\\\/\\\/gilamargos.com\\\/es?s={search_term_string}\"},\"query-input\":{\"@type\":\"PropertyValueSpecification\",\"valueRequired\":true,\"valueName\":\"search_term_string\"}}],\"inLanguage\":\"es\"},{\"@type\":\"Organization\",\"@id\":\"https:\\\/\\\/gilamargos.com\\\/es#organization\",\"name\":\"Gil Amarg\u00f3s\",\"url\":\"https:\\\/\\\/gilamargos.com\\\/es\",\"logo\":{\"@type\":\"ImageObject\",\"inLanguage\":\"es\",\"@id\":\"https:\\\/\\\/gilamargos.com\\\/es#\\\/schema\\\/logo\\\/image\\\/\",\"url\":\"https:\\\/\\\/gilamargos.com\\\/wp-content\\\/uploads\\\/2025\\\/07\\\/GIL_AMARGOS_color_ok_size.png\",\"contentUrl\":\"https:\\\/\\\/gilamargos.com\\\/wp-content\\\/uploads\\\/2025\\\/07\\\/GIL_AMARGOS_color_ok_size.png\",\"width\":240,\"height\":60,\"caption\":\"Gil Amarg\u00f3s\"},\"image\":{\"@id\":\"https:\\\/\\\/gilamargos.com\\\/es#\\\/schema\\\/logo\\\/image\\\/\"},\"sameAs\":[\"https:\\\/\\\/www.facebook.com\\\/gilamargos\",\"https:\\\/\\\/www.linkedin.com\\\/company\\\/gil-amargs\\\/?originalSubdomain=es\",\"https:\\\/\\\/www.instagram.com\\\/gilamargos\\\/\"]},{\"@type\":\"Person\",\"@id\":\"https:\\\/\\\/gilamargos.com\\\/es#\\\/schema\\\/person\\\/3a4facbbf3c9fd19def3d0c0f5456192\",\"name\":\"gilamargos-master\",\"image\":{\"@type\":\"ImageObject\",\"inLanguage\":\"es\",\"@id\":\"https:\\\/\\\/secure.gravatar.com\\\/avatar\\\/4824348b2215d6e40d2cb7a9d9877e09761e83be8386974f11ceb7cfa70753d9?s=96&d=mm&r=g\",\"url\":\"https:\\\/\\\/secure.gravatar.com\\\/avatar\\\/4824348b2215d6e40d2cb7a9d9877e09761e83be8386974f11ceb7cfa70753d9?s=96&d=mm&r=g\",\"contentUrl\":\"https:\\\/\\\/secure.gravatar.com\\\/avatar\\\/4824348b2215d6e40d2cb7a9d9877e09761e83be8386974f11ceb7cfa70753d9?s=96&d=mm&r=g\",\"caption\":\"gilamargos-master\"},\"sameAs\":[\"http:\\\/\\\/gilamargos.com\"]}]}<\/script>\n<!-- \/ Yoast SEO plugin. -->","yoast_head_json":{"title":"Inmobiliaria Les Corts Barcelona","robots":{"index":"index","follow":"follow","max-snippet":"max-snippet:-1","max-image-preview":"max-image-preview:large","max-video-preview":"max-video-preview:-1"},"canonical":"https:\/\/gilamargos.com\/es\/lnd-es\/inmobiliaria-les-corts-barcelona","og_locale":"es_ES","og_type":"article","og_title":"Inmobiliaria Les Corts Barcelona","og_description":"Gil Amarg\u00f3s, la inmobiliaria de referencia de Les Corts de Barcelona Estamos en la Travessera de los Corts, 304 Si est\u00e1s buscando una inmobiliaria de confianza en el barrio de Les Corts, puedes contar con Gil Amarg\u00f3s. Porque somos todo lo que es importante: proximidad, experiencia, profesionalidad y atenci\u00f3n personalizada. Gil Amarg\u00f3s, adem\u00e1s, somos gente [&hellip;]","og_url":"https:\/\/gilamargos.com\/es\/lnd-es\/inmobiliaria-les-corts-barcelona","og_site_name":"Gil Amarg\u00f3s","article_publisher":"https:\/\/www.facebook.com\/gilamargos","article_published_time":"2024-06-19T08:20:03+00:00","article_modified_time":"2024-06-19T09:21:31+00:00","og_image":[{"width":1280,"height":853,"url":"https:\/\/gilamargos.com\/wp-content\/uploads\/2024\/06\/inmobiliaria-les-corts_ok.jpg","type":"image\/jpeg"}],"author":"gilamargos-master","twitter_card":"summary_large_image","twitter_misc":{"Escrito por":"gilamargos-master","Tiempo de lectura":"3 minutos"},"schema":{"@context":"https:\/\/schema.org","@graph":[{"@type":"Article","@id":"https:\/\/gilamargos.com\/es\/lnd-es\/inmobiliaria-les-corts-barcelona#article","isPartOf":{"@id":"https:\/\/gilamargos.com\/es\/lnd-es\/inmobiliaria-les-corts-barcelona"},"author":{"name":"gilamargos-master","@id":"https:\/\/gilamargos.com\/es#\/schema\/person\/3a4facbbf3c9fd19def3d0c0f5456192"},"headline":"Inmobiliaria Les Corts Barcelona","datePublished":"2024-06-19T08:20:03+00:00","dateModified":"2024-06-19T09:21:31+00:00","mainEntityOfPage":{"@id":"https:\/\/gilamargos.com\/es\/lnd-es\/inmobiliaria-les-corts-barcelona"},"wordCount":611,"publisher":{"@id":"https:\/\/gilamargos.com\/es#organization"},"image":{"@id":"https:\/\/gilamargos.com\/es\/lnd-es\/inmobiliaria-les-corts-barcelona#primaryimage"},"thumbnailUrl":"https:\/\/gilamargos.com\/wp-content\/uploads\/2024\/06\/inmobiliaria-les-corts_ok.jpg","articleSection":["Landing"],"inLanguage":"es"},{"@type":"WebPage","@id":"https:\/\/gilamargos.com\/es\/lnd-es\/inmobiliaria-les-corts-barcelona","url":"https:\/\/gilamargos.com\/es\/lnd-es\/inmobiliaria-les-corts-barcelona","name":"Inmobiliaria Les Corts Barcelona","isPartOf":{"@id":"https:\/\/gilamargos.com\/es#website"},"primaryImageOfPage":{"@id":"https:\/\/gilamargos.com\/es\/lnd-es\/inmobiliaria-les-corts-barcelona#primaryimage"},"image":{"@id":"https:\/\/gilamargos.com\/es\/lnd-es\/inmobiliaria-les-corts-barcelona#primaryimage"},"thumbnailUrl":"https:\/\/gilamargos.com\/wp-content\/uploads\/2024\/06\/inmobiliaria-les-corts_ok.jpg","datePublished":"2024-06-19T08:20:03+00:00","dateModified":"2024-06-19T09:21:31+00:00","breadcrumb":{"@id":"https:\/\/gilamargos.com\/es\/lnd-es\/inmobiliaria-les-corts-barcelona#breadcrumb"},"inLanguage":"es","potentialAction":[{"@type":"ReadAction","target":["https:\/\/gilamargos.com\/es\/lnd-es\/inmobiliaria-les-corts-barcelona"]}]},{"@type":"ImageObject","inLanguage":"es","@id":"https:\/\/gilamargos.com\/es\/lnd-es\/inmobiliaria-les-corts-barcelona#primaryimage","url":"https:\/\/gilamargos.com\/wp-content\/uploads\/2024\/06\/inmobiliaria-les-corts_ok.jpg","contentUrl":"https:\/\/gilamargos.com\/wp-content\/uploads\/2024\/06\/inmobiliaria-les-corts_ok.jpg","width":1280,"height":853,"caption":"inmobiliaria les corts"},{"@type":"BreadcrumbList","@id":"https:\/\/gilamargos.com\/es\/lnd-es\/inmobiliaria-les-corts-barcelona#breadcrumb","itemListElement":[{"@type":"ListItem","position":1,"name":"Home","item":"https:\/\/gilamargos.com\/es"},{"@type":"ListItem","position":2,"name":"Inmobiliaria Les Corts Barcelona"}]},{"@type":"WebSite","@id":"https:\/\/gilamargos.com\/es#website","url":"https:\/\/gilamargos.com\/es","name":"Administradors Finques y Gestors Patrimoni Gil Amarg\u00f3s","description":"","publisher":{"@id":"https:\/\/gilamargos.com\/es#organization"},"potentialAction":[{"@type":"SearchAction","target":{"@type":"EntryPoint","urlTemplate":"https:\/\/gilamargos.com\/es?s={search_term_string}"},"query-input":{"@type":"PropertyValueSpecification","valueRequired":true,"valueName":"search_term_string"}}],"inLanguage":"es"},{"@type":"Organization","@id":"https:\/\/gilamargos.com\/es#organization","name":"Gil Amarg\u00f3s","url":"https:\/\/gilamargos.com\/es","logo":{"@type":"ImageObject","inLanguage":"es","@id":"https:\/\/gilamargos.com\/es#\/schema\/logo\/image\/","url":"https:\/\/gilamargos.com\/wp-content\/uploads\/2025\/07\/GIL_AMARGOS_color_ok_size.png","contentUrl":"https:\/\/gilamargos.com\/wp-content\/uploads\/2025\/07\/GIL_AMARGOS_color_ok_size.png","width":240,"height":60,"caption":"Gil Amarg\u00f3s"},"image":{"@id":"https:\/\/gilamargos.com\/es#\/schema\/logo\/image\/"},"sameAs":["https:\/\/www.facebook.com\/gilamargos","https:\/\/www.linkedin.com\/company\/gil-amargs\/?originalSubdomain=es","https:\/\/www.instagram.com\/gilamargos\/"]},{"@type":"Person","@id":"https:\/\/gilamargos.com\/es#\/schema\/person\/3a4facbbf3c9fd19def3d0c0f5456192","name":"gilamargos-master","image":{"@type":"ImageObject","inLanguage":"es","@id":"https:\/\/secure.gravatar.com\/avatar\/4824348b2215d6e40d2cb7a9d9877e09761e83be8386974f11ceb7cfa70753d9?s=96&d=mm&r=g","url":"https:\/\/secure.gravatar.com\/avatar\/4824348b2215d6e40d2cb7a9d9877e09761e83be8386974f11ceb7cfa70753d9?s=96&d=mm&r=g","contentUrl":"https:\/\/secure.gravatar.com\/avatar\/4824348b2215d6e40d2cb7a9d9877e09761e83be8386974f11ceb7cfa70753d9?s=96&d=mm&r=g","caption":"gilamargos-master"},"sameAs":["http:\/\/gilamargos.com"]}]}},"_links":{"self":[{"href":"https:\/\/gilamargos.com\/es\/wp-json\/wp\/v2\/posts\/23423","targetHints":{"allow":["GET"]}}],"collection":[{"href":"https:\/\/gilamargos.com\/es\/wp-json\/wp\/v2\/posts"}],"about":[{"href":"https:\/\/gilamargos.com\/es\/wp-json\/wp\/v2\/types\/post"}],"author":[{"embeddable":true,"href":"https:\/\/gilamargos.com\/es\/wp-json\/wp\/v2\/users\/1"}],"replies":[{"embeddable":true,"href":"https:\/\/gilamargos.com\/es\/wp-json\/wp\/v2\/comments?post=23423"}],"version-history":[{"count":14,"href":"https:\/\/gilamargos.com\/es\/wp-json\/wp\/v2\/posts\/23423\/revisions"}],"predecessor-version":[{"id":23443,"href":"https:\/\/gilamargos.com\/es\/wp-json\/wp\/v2\/posts\/23423\/revisions\/23443"}],"wp:featuredmedia":[{"embeddable":true,"href":"https:\/\/gilamargos.com\/es\/wp-json\/wp\/v2\/media\/23427"}],"wp:attachment":[{"href":"https:\/\/gilamargos.com\/es\/wp-json\/wp\/v2\/media?parent=23423"}],"wp:term":[{"taxonomy":"category","embeddable":true,"href":"https:\/\/gilamargos.com\/es\/wp-json\/wp\/v2\/categories?post=23423"},{"taxonomy":"post_tag","embeddable":true,"href":"https:\/\/gilamargos.com\/es\/wp-json\/wp\/v2\/tags?post=23423"}],"curies":[{"name":"wp","href":"https:\/\/api.w.org\/{rel}","templated":true}]}}