{"id":22951,"date":"2024-04-17T09:13:37","date_gmt":"2024-04-17T09:13:37","guid":{"rendered":"https:\/\/gilamargos.com\/?p=22951"},"modified":"2024-07-26T10:06:19","modified_gmt":"2024-07-26T10:06:19","slug":"como-hacer-de-nuestra-vivienda-un-espacio-mas-sostenible","status":"publish","type":"post","link":"https:\/\/gilamargos.com\/es\/blog-es\/como-hacer-de-nuestra-vivienda-un-espacio-mas-sostenible","title":{"rendered":"\u00bfC\u00f3mo hacer de nuestra vivienda un espacio m\u00e1s sostenible?"},"content":{"rendered":"<p>Vivimos en la tierra como si tuvi\u00e9ramos otra a la que ir. Y no, no la tenemos. Cohabitar arm\u00f3nicamente con nuestro planeta es, seguramente, una de las acciones globales m\u00e1s urgentes a nivel de estados, pero tambi\u00e9n desde el \u00e1mbito de la responsabilidad personal.<\/p>\n<p>Cada vez m\u00e1s personas buscamos formas efectivas de reducir nuestra huella ecol\u00f3gica, conscientes de que es posible sumar sostenibilidad sin necesidad de cambios dr\u00e1sticos o dif\u00edcilmente asumibles para nuestra manera de vivir.<\/p>\n<p>Tan f\u00e1cil como pasar de la carpeta de las Palabras a la del Activismo implementando peque\u00f1as acciones en nuestro hogar de impacto sustancial para la preservaci\u00f3n del planeta. Tan f\u00e1cil como seguir algunos de estos Tips para hacer de nuestra vivienda un espacio m\u00e1s sostenible y respetuoso con el Medio Ambiente.<\/p>\n<p><strong>Reduce, reutiliza, recicla<\/strong><\/p>\n<p>Las cl\u00e1sicas y repetidas 3 erres siguen siendo igual de determinantes hoy en d\u00eda y uno de los mejores comienzos. Reducir el consumo de productos desechables y optar por alternativas duraderas y reutilizables siempre que sea posible. Separar los residuos para reciclar y asegurarnos de seguir las pautas de reciclaje de nuestra <a href=\"https:\/\/gilamargos.com\/es\/administrador-de-comunidades-en-les-corts\/\">comunidad<\/a>.<\/p>\n<p><strong>Acci\u00f3n energ\u00e9tica <\/strong><\/p>\n<p>Aprovechar al m\u00e1ximo la luz natural durante el d\u00eda para reducir la necesidad de iluminaci\u00f3n artificial. Instalar bombillas LED de bajo consumo energ\u00e9tico y apagar las luces cuando no las necesitemos. Invertir (s\u00ed, es una inversi\u00f3n) en electrodom\u00e9sticos energ\u00e9ticamente eficientes que no solo reducir\u00e1n la factura de electricidad, sino que tambi\u00e9n disminuir\u00e1n el impacto ambiental.<\/p>\n<p>En una Comunidad de Propietarios, instalar paneles solares para generar electricidad y reducir as\u00ed la dependencia de fuentes de energ\u00eda no renovables.<\/p>\n<p><strong>Seguir siendo agua<\/strong><\/p>\n<p>La virulenta sequ\u00eda de los \u00faltimos a\u00f1os es una amenaza que de ninguna manera podemos obviar. Los peque\u00f1os cambios en el uso cotidiano del agua pueden marcar una gran diferencia. Reparar inmediatamente las fugas, instalar grifos y cabezales de ducha de bajo flujo, y optimizar el uso de la lavadora y el lavavajillas son peque\u00f1as acciones para que sigamos siendo agua.<\/p>\n<p><img decoding=\"async\" src=\"https:\/\/gilamargos.com\/wp-content\/uploads\/2024\/04\/foto-1-gil-siostenibles.jpg\" alt=\"foto-1\" \/><\/p>\n<p><strong>Cuidar del aire interior<\/strong><\/p>\n<p>Mejoremos la calidad del aire interior de nuestro hogar mediante una ventilaci\u00f3n adecuada y la eliminaci\u00f3n de productos qu\u00edmicos y contaminantes. Optemos por materiales de construcci\u00f3n y productos de limpieza naturales y libres de toxinas para reducir el uso y exposici\u00f3n a sustancias nocivas.<\/p>\n<p><strong>Aislamiento eficiente<\/strong><\/p>\n<p>Asegur\u00e9monos de que las paredes, techos y ventanas est\u00e9n convenientemente aislados. Reduciremos la p\u00e9rdida de calor en invierno, el calor excesivo en verano y ayudaremos a reducir el ruido exterior, especialmente en grandes ciudades, contribuyendo al confort de la vivienda y sus usuarios.<\/p>\n<p><strong>Compra responsable <\/strong><\/p>\n<p>Apoyar a empresas y comercios que prioricen la sostenibilidad y la producci\u00f3n \u00e9tica. Optar por productos fabricados con materiales reciclados o biodegradables y elegir productos locales y de temporada para reducir la huella de carbono asociada con su transporte.<\/p>\n<p><strong>Transporte eco-friendly<\/strong><\/p>\n<p>Reducir nuestra huella de carbono optando por medios de transporte m\u00e1s sostenibles, como caminar, andar en bicicleta o utilizar el transporte p\u00fablico siempre que sea posible. Si necesitamos obligatoriamente un veh\u00edculo particular (h\u00edbrido, el\u00e9ctrico) para alguno de nuestros desplazamientos cotidianos, consideremos las ventajas de compartir.<\/p>\n<p><strong>Jard\u00edn sostenible<\/strong><\/p>\n<p>Si tenemos jard\u00edn, utilizar m\u00e9todos de agricultura sostenible evitando el uso de pesticidas y fertilizantes qu\u00edmicos, compostando los desechos org\u00e1nicos y plantando especies nativas que requieran menos agua y cuidados.<\/p>\n<p>Hacer de nuestro hogar un espacio m\u00e1s sostenible y respetuoso con el planeta no requiere de cambios abruptos, sino m\u00e1s bien una serie de peque\u00f1as acciones sistem\u00e1ticas y consistentes. Al implementar estos consejos en nuestras viviendas, no solo estaremos contribuyendo a la preservaci\u00f3n del Medio Ambiente, tambi\u00e9n estaremos creando un hogar m\u00e1s saludable y armonioso para nosotros y para las generaciones futuras.<\/p>\n<p>Puedes consultar otros interesantes contenidos sobre vivienda, Barcelona y sus barrios, y el ecosistema inmobiliario visitando nuestro<a href=\"https:\/\/gilamargos.com\/blog-3\/\"><strong> Blog<\/strong><\/a>. En Gil Amarg\u00f3s tenemos una dilatada trayectoria de Servicios Inmobiliarios 360. La profesionalidad y conocimiento experto del mercado de nuestros profesionales nos han convertido en colaborador de referencia para comunidades, propietarios, patrimonios y compradores que conf\u00edan en nuestro rigor, transparencia y credibilidad sus diferentes retos inmobiliarios.<\/p>\n<p>Si deseas conocer m\u00e1s detalles sobre nuestra forma de entender la excelencia en el servicio, en nuestra <a href=\"https:\/\/gilamargos.com\/es\/\"><strong>web corporativa<\/strong><\/a> puedes encontrar la informaci\u00f3n m\u00e1s esencial. Si eres m\u00e1s del tradicional cara a cara, te atenderemos con mucho gusto en nuestros espacios en Travessera de les <a href=\"https:\/\/gilamargos.com\/es\/vender-piso-en-les-corts\/\">Corts<\/a> 304-306 y Comte d&#8217;Urgell 46.<\/p>\n","protected":false},"excerpt":{"rendered":"<p>Vivimos en la tierra como si tuvi\u00e9ramos otra a la que ir. Y no, no la tenemos. Cohabitar arm\u00f3nicamente con nuestro planeta es, seguramente, una de las acciones globales m\u00e1s urgentes a nivel de estados, pero tambi\u00e9n desde el \u00e1mbito de la responsabilidad personal. Cada vez m\u00e1s personas buscamos formas efectivas de reducir nuestra huella [&hellip;]<\/p>\n","protected":false},"author":1,"featured_media":22946,"comment_status":"closed","ping_status":"open","sticky":false,"template":"","format":"standard","meta":{"footnotes":""},"categories":[113],"tags":[],"class_list":["post-22951","post","type-post","status-publish","format-standard","has-post-thumbnail","hentry","category-blog-es"],"yoast_head":"<!-- This site is optimized with the Yoast SEO plugin v27.3 - https:\/\/yoast.com\/product\/yoast-seo-wordpress\/ -->\n<title>Tips para hacer mi vivienda m\u00e1s sostenible<\/title>\n<meta name=\"description\" content=\"Cohabitar arm\u00f3nicamente con nuestro planeta es seguramente una de las acciones globales m\u00e1s urgentes a nivel de estados, pero tambi\u00e9n desde el \u00e1mbito de la responsabilidad personal.\" \/>\n<meta name=\"robots\" content=\"index, follow, max-snippet:-1, max-image-preview:large, max-video-preview:-1\" \/>\n<link rel=\"canonical\" href=\"https:\/\/gilamargos.com\/es\/blog-es\/como-hacer-de-nuestra-vivienda-un-espacio-mas-sostenible\" \/>\n<meta property=\"og:locale\" content=\"es_ES\" \/>\n<meta property=\"og:type\" content=\"article\" \/>\n<meta property=\"og:title\" content=\"Tips para hacer mi vivienda m\u00e1s sostenible\" \/>\n<meta property=\"og:description\" content=\"Cohabitar arm\u00f3nicamente con nuestro planeta es seguramente una de las acciones globales m\u00e1s urgentes a nivel de estados, pero tambi\u00e9n desde el \u00e1mbito de la responsabilidad personal.\" \/>\n<meta property=\"og:url\" content=\"https:\/\/gilamargos.com\/es\/blog-es\/como-hacer-de-nuestra-vivienda-un-espacio-mas-sostenible\" \/>\n<meta property=\"og:site_name\" content=\"Gil Amarg\u00f3s\" \/>\n<meta property=\"article:publisher\" content=\"https:\/\/www.facebook.com\/gilamargos\" \/>\n<meta property=\"article:published_time\" content=\"2024-04-17T09:13:37+00:00\" \/>\n<meta property=\"article:modified_time\" content=\"2024-07-26T10:06:19+00:00\" \/>\n<meta property=\"og:image\" content=\"https:\/\/gilamargos.com\/wp-content\/uploads\/2024\/04\/foto-miniatura-blog-gil-sostenibilidad.jpg\" \/>\n\t<meta property=\"og:image:width\" content=\"1200\" \/>\n\t<meta property=\"og:image:height\" content=\"627\" \/>\n\t<meta property=\"og:image:type\" content=\"image\/jpeg\" \/>\n<meta name=\"author\" content=\"gilamargos-master\" \/>\n<meta name=\"twitter:card\" content=\"summary_large_image\" \/>\n<meta name=\"twitter:label1\" content=\"Escrito por\" \/>\n\t<meta name=\"twitter:data1\" content=\"gilamargos-master\" \/>\n\t<meta name=\"twitter:label2\" content=\"Tiempo de lectura\" \/>\n\t<meta name=\"twitter:data2\" content=\"5 minutos\" \/>\n<script type=\"application\/ld+json\" class=\"yoast-schema-graph\">{\"@context\":\"https:\\\/\\\/schema.org\",\"@graph\":[{\"@type\":\"Article\",\"@id\":\"https:\\\/\\\/gilamargos.com\\\/es\\\/blog-es\\\/como-hacer-de-nuestra-vivienda-un-espacio-mas-sostenible#article\",\"isPartOf\":{\"@id\":\"https:\\\/\\\/gilamargos.com\\\/es\\\/blog-es\\\/como-hacer-de-nuestra-vivienda-un-espacio-mas-sostenible\"},\"author\":{\"name\":\"gilamargos-master\",\"@id\":\"https:\\\/\\\/gilamargos.com\\\/es#\\\/schema\\\/person\\\/3a4facbbf3c9fd19def3d0c0f5456192\"},\"headline\":\"\u00bfC\u00f3mo hacer de nuestra vivienda un espacio m\u00e1s sostenible?\",\"datePublished\":\"2024-04-17T09:13:37+00:00\",\"dateModified\":\"2024-07-26T10:06:19+00:00\",\"mainEntityOfPage\":{\"@id\":\"https:\\\/\\\/gilamargos.com\\\/es\\\/blog-es\\\/como-hacer-de-nuestra-vivienda-un-espacio-mas-sostenible\"},\"wordCount\":789,\"publisher\":{\"@id\":\"https:\\\/\\\/gilamargos.com\\\/es#organization\"},\"image\":{\"@id\":\"https:\\\/\\\/gilamargos.com\\\/es\\\/blog-es\\\/como-hacer-de-nuestra-vivienda-un-espacio-mas-sostenible#primaryimage\"},\"thumbnailUrl\":\"https:\\\/\\\/gilamargos.com\\\/wp-content\\\/uploads\\\/2024\\\/04\\\/foto-miniatura-blog-gil-sostenibilidad.jpg\",\"articleSection\":[\"Blog\"],\"inLanguage\":\"es\"},{\"@type\":\"WebPage\",\"@id\":\"https:\\\/\\\/gilamargos.com\\\/es\\\/blog-es\\\/como-hacer-de-nuestra-vivienda-un-espacio-mas-sostenible\",\"url\":\"https:\\\/\\\/gilamargos.com\\\/es\\\/blog-es\\\/como-hacer-de-nuestra-vivienda-un-espacio-mas-sostenible\",\"name\":\"Tips para hacer mi vivienda m\u00e1s sostenible\",\"isPartOf\":{\"@id\":\"https:\\\/\\\/gilamargos.com\\\/es#website\"},\"primaryImageOfPage\":{\"@id\":\"https:\\\/\\\/gilamargos.com\\\/es\\\/blog-es\\\/como-hacer-de-nuestra-vivienda-un-espacio-mas-sostenible#primaryimage\"},\"image\":{\"@id\":\"https:\\\/\\\/gilamargos.com\\\/es\\\/blog-es\\\/como-hacer-de-nuestra-vivienda-un-espacio-mas-sostenible#primaryimage\"},\"thumbnailUrl\":\"https:\\\/\\\/gilamargos.com\\\/wp-content\\\/uploads\\\/2024\\\/04\\\/foto-miniatura-blog-gil-sostenibilidad.jpg\",\"datePublished\":\"2024-04-17T09:13:37+00:00\",\"dateModified\":\"2024-07-26T10:06:19+00:00\",\"description\":\"Cohabitar arm\u00f3nicamente con nuestro planeta es seguramente una de las acciones globales m\u00e1s urgentes a nivel de estados, pero tambi\u00e9n desde el \u00e1mbito de la responsabilidad personal.\",\"breadcrumb\":{\"@id\":\"https:\\\/\\\/gilamargos.com\\\/es\\\/blog-es\\\/como-hacer-de-nuestra-vivienda-un-espacio-mas-sostenible#breadcrumb\"},\"inLanguage\":\"es\",\"potentialAction\":[{\"@type\":\"ReadAction\",\"target\":[\"https:\\\/\\\/gilamargos.com\\\/es\\\/blog-es\\\/como-hacer-de-nuestra-vivienda-un-espacio-mas-sostenible\"]}]},{\"@type\":\"ImageObject\",\"inLanguage\":\"es\",\"@id\":\"https:\\\/\\\/gilamargos.com\\\/es\\\/blog-es\\\/como-hacer-de-nuestra-vivienda-un-espacio-mas-sostenible#primaryimage\",\"url\":\"https:\\\/\\\/gilamargos.com\\\/wp-content\\\/uploads\\\/2024\\\/04\\\/foto-miniatura-blog-gil-sostenibilidad.jpg\",\"contentUrl\":\"https:\\\/\\\/gilamargos.com\\\/wp-content\\\/uploads\\\/2024\\\/04\\\/foto-miniatura-blog-gil-sostenibilidad.jpg\",\"width\":1200,\"height\":627},{\"@type\":\"BreadcrumbList\",\"@id\":\"https:\\\/\\\/gilamargos.com\\\/es\\\/blog-es\\\/como-hacer-de-nuestra-vivienda-un-espacio-mas-sostenible#breadcrumb\",\"itemListElement\":[{\"@type\":\"ListItem\",\"position\":1,\"name\":\"Home\",\"item\":\"https:\\\/\\\/gilamargos.com\\\/es\"},{\"@type\":\"ListItem\",\"position\":2,\"name\":\"\u00bfC\u00f3mo hacer de nuestra vivienda un espacio m\u00e1s sostenible?\"}]},{\"@type\":\"WebSite\",\"@id\":\"https:\\\/\\\/gilamargos.com\\\/es#website\",\"url\":\"https:\\\/\\\/gilamargos.com\\\/es\",\"name\":\"Administradors Finques y Gestors Patrimoni Gil Amarg\u00f3s\",\"description\":\"\",\"publisher\":{\"@id\":\"https:\\\/\\\/gilamargos.com\\\/es#organization\"},\"potentialAction\":[{\"@type\":\"SearchAction\",\"target\":{\"@type\":\"EntryPoint\",\"urlTemplate\":\"https:\\\/\\\/gilamargos.com\\\/es?s={search_term_string}\"},\"query-input\":{\"@type\":\"PropertyValueSpecification\",\"valueRequired\":true,\"valueName\":\"search_term_string\"}}],\"inLanguage\":\"es\"},{\"@type\":\"Organization\",\"@id\":\"https:\\\/\\\/gilamargos.com\\\/es#organization\",\"name\":\"Gil Amarg\u00f3s\",\"url\":\"https:\\\/\\\/gilamargos.com\\\/es\",\"logo\":{\"@type\":\"ImageObject\",\"inLanguage\":\"es\",\"@id\":\"https:\\\/\\\/gilamargos.com\\\/es#\\\/schema\\\/logo\\\/image\\\/\",\"url\":\"https:\\\/\\\/gilamargos.com\\\/wp-content\\\/uploads\\\/2025\\\/07\\\/GIL_AMARGOS_color_ok_size.png\",\"contentUrl\":\"https:\\\/\\\/gilamargos.com\\\/wp-content\\\/uploads\\\/2025\\\/07\\\/GIL_AMARGOS_color_ok_size.png\",\"width\":240,\"height\":60,\"caption\":\"Gil Amarg\u00f3s\"},\"image\":{\"@id\":\"https:\\\/\\\/gilamargos.com\\\/es#\\\/schema\\\/logo\\\/image\\\/\"},\"sameAs\":[\"https:\\\/\\\/www.facebook.com\\\/gilamargos\",\"https:\\\/\\\/www.linkedin.com\\\/company\\\/gil-amargs\\\/?originalSubdomain=es\",\"https:\\\/\\\/www.instagram.com\\\/gilamargos\\\/\"]},{\"@type\":\"Person\",\"@id\":\"https:\\\/\\\/gilamargos.com\\\/es#\\\/schema\\\/person\\\/3a4facbbf3c9fd19def3d0c0f5456192\",\"name\":\"gilamargos-master\",\"image\":{\"@type\":\"ImageObject\",\"inLanguage\":\"es\",\"@id\":\"https:\\\/\\\/secure.gravatar.com\\\/avatar\\\/4824348b2215d6e40d2cb7a9d9877e09761e83be8386974f11ceb7cfa70753d9?s=96&d=mm&r=g\",\"url\":\"https:\\\/\\\/secure.gravatar.com\\\/avatar\\\/4824348b2215d6e40d2cb7a9d9877e09761e83be8386974f11ceb7cfa70753d9?s=96&d=mm&r=g\",\"contentUrl\":\"https:\\\/\\\/secure.gravatar.com\\\/avatar\\\/4824348b2215d6e40d2cb7a9d9877e09761e83be8386974f11ceb7cfa70753d9?s=96&d=mm&r=g\",\"caption\":\"gilamargos-master\"},\"sameAs\":[\"http:\\\/\\\/gilamargos.com\"]}]}<\/script>\n<!-- \/ Yoast SEO plugin. -->","yoast_head_json":{"title":"Tips para hacer mi vivienda m\u00e1s sostenible","description":"Cohabitar arm\u00f3nicamente con nuestro planeta es seguramente una de las acciones globales m\u00e1s urgentes a nivel de estados, pero tambi\u00e9n desde el \u00e1mbito de la responsabilidad personal.","robots":{"index":"index","follow":"follow","max-snippet":"max-snippet:-1","max-image-preview":"max-image-preview:large","max-video-preview":"max-video-preview:-1"},"canonical":"https:\/\/gilamargos.com\/es\/blog-es\/como-hacer-de-nuestra-vivienda-un-espacio-mas-sostenible","og_locale":"es_ES","og_type":"article","og_title":"Tips para hacer mi vivienda m\u00e1s sostenible","og_description":"Cohabitar arm\u00f3nicamente con nuestro planeta es seguramente una de las acciones globales m\u00e1s urgentes a nivel de estados, pero tambi\u00e9n desde el \u00e1mbito de la responsabilidad personal.","og_url":"https:\/\/gilamargos.com\/es\/blog-es\/como-hacer-de-nuestra-vivienda-un-espacio-mas-sostenible","og_site_name":"Gil Amarg\u00f3s","article_publisher":"https:\/\/www.facebook.com\/gilamargos","article_published_time":"2024-04-17T09:13:37+00:00","article_modified_time":"2024-07-26T10:06:19+00:00","og_image":[{"width":1200,"height":627,"url":"https:\/\/gilamargos.com\/wp-content\/uploads\/2024\/04\/foto-miniatura-blog-gil-sostenibilidad.jpg","type":"image\/jpeg"}],"author":"gilamargos-master","twitter_card":"summary_large_image","twitter_misc":{"Escrito por":"gilamargos-master","Tiempo de lectura":"5 minutos"},"schema":{"@context":"https:\/\/schema.org","@graph":[{"@type":"Article","@id":"https:\/\/gilamargos.com\/es\/blog-es\/como-hacer-de-nuestra-vivienda-un-espacio-mas-sostenible#article","isPartOf":{"@id":"https:\/\/gilamargos.com\/es\/blog-es\/como-hacer-de-nuestra-vivienda-un-espacio-mas-sostenible"},"author":{"name":"gilamargos-master","@id":"https:\/\/gilamargos.com\/es#\/schema\/person\/3a4facbbf3c9fd19def3d0c0f5456192"},"headline":"\u00bfC\u00f3mo hacer de nuestra vivienda un espacio m\u00e1s sostenible?","datePublished":"2024-04-17T09:13:37+00:00","dateModified":"2024-07-26T10:06:19+00:00","mainEntityOfPage":{"@id":"https:\/\/gilamargos.com\/es\/blog-es\/como-hacer-de-nuestra-vivienda-un-espacio-mas-sostenible"},"wordCount":789,"publisher":{"@id":"https:\/\/gilamargos.com\/es#organization"},"image":{"@id":"https:\/\/gilamargos.com\/es\/blog-es\/como-hacer-de-nuestra-vivienda-un-espacio-mas-sostenible#primaryimage"},"thumbnailUrl":"https:\/\/gilamargos.com\/wp-content\/uploads\/2024\/04\/foto-miniatura-blog-gil-sostenibilidad.jpg","articleSection":["Blog"],"inLanguage":"es"},{"@type":"WebPage","@id":"https:\/\/gilamargos.com\/es\/blog-es\/como-hacer-de-nuestra-vivienda-un-espacio-mas-sostenible","url":"https:\/\/gilamargos.com\/es\/blog-es\/como-hacer-de-nuestra-vivienda-un-espacio-mas-sostenible","name":"Tips para hacer mi vivienda m\u00e1s sostenible","isPartOf":{"@id":"https:\/\/gilamargos.com\/es#website"},"primaryImageOfPage":{"@id":"https:\/\/gilamargos.com\/es\/blog-es\/como-hacer-de-nuestra-vivienda-un-espacio-mas-sostenible#primaryimage"},"image":{"@id":"https:\/\/gilamargos.com\/es\/blog-es\/como-hacer-de-nuestra-vivienda-un-espacio-mas-sostenible#primaryimage"},"thumbnailUrl":"https:\/\/gilamargos.com\/wp-content\/uploads\/2024\/04\/foto-miniatura-blog-gil-sostenibilidad.jpg","datePublished":"2024-04-17T09:13:37+00:00","dateModified":"2024-07-26T10:06:19+00:00","description":"Cohabitar arm\u00f3nicamente con nuestro planeta es seguramente una de las acciones globales m\u00e1s urgentes a nivel de estados, pero tambi\u00e9n desde el \u00e1mbito de la responsabilidad personal.","breadcrumb":{"@id":"https:\/\/gilamargos.com\/es\/blog-es\/como-hacer-de-nuestra-vivienda-un-espacio-mas-sostenible#breadcrumb"},"inLanguage":"es","potentialAction":[{"@type":"ReadAction","target":["https:\/\/gilamargos.com\/es\/blog-es\/como-hacer-de-nuestra-vivienda-un-espacio-mas-sostenible"]}]},{"@type":"ImageObject","inLanguage":"es","@id":"https:\/\/gilamargos.com\/es\/blog-es\/como-hacer-de-nuestra-vivienda-un-espacio-mas-sostenible#primaryimage","url":"https:\/\/gilamargos.com\/wp-content\/uploads\/2024\/04\/foto-miniatura-blog-gil-sostenibilidad.jpg","contentUrl":"https:\/\/gilamargos.com\/wp-content\/uploads\/2024\/04\/foto-miniatura-blog-gil-sostenibilidad.jpg","width":1200,"height":627},{"@type":"BreadcrumbList","@id":"https:\/\/gilamargos.com\/es\/blog-es\/como-hacer-de-nuestra-vivienda-un-espacio-mas-sostenible#breadcrumb","itemListElement":[{"@type":"ListItem","position":1,"name":"Home","item":"https:\/\/gilamargos.com\/es"},{"@type":"ListItem","position":2,"name":"\u00bfC\u00f3mo hacer de nuestra vivienda un espacio m\u00e1s sostenible?"}]},{"@type":"WebSite","@id":"https:\/\/gilamargos.com\/es#website","url":"https:\/\/gilamargos.com\/es","name":"Administradors Finques y Gestors Patrimoni Gil Amarg\u00f3s","description":"","publisher":{"@id":"https:\/\/gilamargos.com\/es#organization"},"potentialAction":[{"@type":"SearchAction","target":{"@type":"EntryPoint","urlTemplate":"https:\/\/gilamargos.com\/es?s={search_term_string}"},"query-input":{"@type":"PropertyValueSpecification","valueRequired":true,"valueName":"search_term_string"}}],"inLanguage":"es"},{"@type":"Organization","@id":"https:\/\/gilamargos.com\/es#organization","name":"Gil Amarg\u00f3s","url":"https:\/\/gilamargos.com\/es","logo":{"@type":"ImageObject","inLanguage":"es","@id":"https:\/\/gilamargos.com\/es#\/schema\/logo\/image\/","url":"https:\/\/gilamargos.com\/wp-content\/uploads\/2025\/07\/GIL_AMARGOS_color_ok_size.png","contentUrl":"https:\/\/gilamargos.com\/wp-content\/uploads\/2025\/07\/GIL_AMARGOS_color_ok_size.png","width":240,"height":60,"caption":"Gil Amarg\u00f3s"},"image":{"@id":"https:\/\/gilamargos.com\/es#\/schema\/logo\/image\/"},"sameAs":["https:\/\/www.facebook.com\/gilamargos","https:\/\/www.linkedin.com\/company\/gil-amargs\/?originalSubdomain=es","https:\/\/www.instagram.com\/gilamargos\/"]},{"@type":"Person","@id":"https:\/\/gilamargos.com\/es#\/schema\/person\/3a4facbbf3c9fd19def3d0c0f5456192","name":"gilamargos-master","image":{"@type":"ImageObject","inLanguage":"es","@id":"https:\/\/secure.gravatar.com\/avatar\/4824348b2215d6e40d2cb7a9d9877e09761e83be8386974f11ceb7cfa70753d9?s=96&d=mm&r=g","url":"https:\/\/secure.gravatar.com\/avatar\/4824348b2215d6e40d2cb7a9d9877e09761e83be8386974f11ceb7cfa70753d9?s=96&d=mm&r=g","contentUrl":"https:\/\/secure.gravatar.com\/avatar\/4824348b2215d6e40d2cb7a9d9877e09761e83be8386974f11ceb7cfa70753d9?s=96&d=mm&r=g","caption":"gilamargos-master"},"sameAs":["http:\/\/gilamargos.com"]}]}},"_links":{"self":[{"href":"https:\/\/gilamargos.com\/es\/wp-json\/wp\/v2\/posts\/22951","targetHints":{"allow":["GET"]}}],"collection":[{"href":"https:\/\/gilamargos.com\/es\/wp-json\/wp\/v2\/posts"}],"about":[{"href":"https:\/\/gilamargos.com\/es\/wp-json\/wp\/v2\/types\/post"}],"author":[{"embeddable":true,"href":"https:\/\/gilamargos.com\/es\/wp-json\/wp\/v2\/users\/1"}],"replies":[{"embeddable":true,"href":"https:\/\/gilamargos.com\/es\/wp-json\/wp\/v2\/comments?post=22951"}],"version-history":[{"count":2,"href":"https:\/\/gilamargos.com\/es\/wp-json\/wp\/v2\/posts\/22951\/revisions"}],"predecessor-version":[{"id":23061,"href":"https:\/\/gilamargos.com\/es\/wp-json\/wp\/v2\/posts\/22951\/revisions\/23061"}],"wp:featuredmedia":[{"embeddable":true,"href":"https:\/\/gilamargos.com\/es\/wp-json\/wp\/v2\/media\/22946"}],"wp:attachment":[{"href":"https:\/\/gilamargos.com\/es\/wp-json\/wp\/v2\/media?parent=22951"}],"wp:term":[{"taxonomy":"category","embeddable":true,"href":"https:\/\/gilamargos.com\/es\/wp-json\/wp\/v2\/categories?post=22951"},{"taxonomy":"post_tag","embeddable":true,"href":"https:\/\/gilamargos.com\/es\/wp-json\/wp\/v2\/tags?post=22951"}],"curies":[{"name":"wp","href":"https:\/\/api.w.org\/{rel}","templated":true}]}}